{"id":1531,"date":"2019-10-07T09:52:09","date_gmt":"2019-10-07T08:52:09","guid":{"rendered":"http:\/\/brigetiosport.hu\/wordpress\/?p=1531"},"modified":"2020-01-21T11:57:46","modified_gmt":"2020-01-21T10:57:46","slug":"cycocross-sorozat-kamaraerdo","status":"publish","type":"post","link":"https:\/\/brigetiosport.hu\/wordpress\/2019\/10\/07\/cycocross-sorozat-kamaraerdo\/","title":{"rendered":"Cycocross sorozat: Kamaraerd\u0151"},"content":{"rendered":"\n\t\t<div id='gallery-1' class='gallery galleryid-1531 gallery-columns-2 gallery-size-medium gal_191007'><script type=\"text\/javascript\">\r\n\/\/ <![CDATA[\r\n\tjQuery(document).ready(function () {\r\n\t\tjQuery(\".gal_191007 a\").attr(\"rel\",\"gal_191007\");\t\r\n\t\tjQuery('a[rel=\"gal_191007\"]').colorbox({maxWidth:\"95%\", maxHeight:\"95%\",title: function(){ return jQuery(this).children().attr(\"alt\"); }});\r\n\t});\r\n\/\/ ]]>\r\n<\/script>\n<figure class=\"gallery-item\">\n<div class=\"gallery-icon\">\r\n<a href=\"https:\/\/brigetiosport.hu\/wordpress\/wp-content\/uploads\/2020\/01\/kamaraerdo_2019_cyclo_01.jpg\" title=\"\" rel=\"gal_191007\"><img loading=\"lazy\" decoding=\"async\" src=\"https:\/\/brigetiosport.hu\/wordpress\/wp-content\/uploads\/2020\/01\/kamaraerdo_2019_cyclo_01-200x300.jpg\" width=\"200\" height=\"300\" alt=\"\" \/><\/a>\r\n<\/div><\/figure><figure class=\"gallery-item\">\n<div class=\"gallery-icon\">\r\n<a href=\"https:\/\/brigetiosport.hu\/wordpress\/wp-content\/uploads\/2020\/01\/kamaraerdo_2019_cyclo_02.jpg\" title=\"\" rel=\"gal_191007\"><img loading=\"lazy\" decoding=\"async\" src=\"https:\/\/brigetiosport.hu\/wordpress\/wp-content\/uploads\/2020\/01\/kamaraerdo_2019_cyclo_02-200x300.jpg\" width=\"200\" height=\"300\" alt=\"\" \/><\/a>\r\n<\/div><\/figure>\r\n\t\t<\/div>\n\n\n\t\t<div id='gallery-2' class='gallery galleryid-1531 gallery-columns-3 gallery-size-medium gal_191007'><script type=\"text\/javascript\">\r\n\/\/ <![CDATA[\r\n\tjQuery(document).ready(function () {\r\n\t\tjQuery(\".gal_191007 a\").attr(\"rel\",\"gal_191007\");\t\r\n\t\tjQuery('a[rel=\"gal_191007\"]').colorbox({maxWidth:\"95%\", maxHeight:\"95%\",title: function(){ return jQuery(this).children().attr(\"alt\"); }});\r\n\t});\r\n\/\/ ]]>\r\n<\/script>\n<figure class=\"gallery-item\">\n<div class=\"gallery-icon\">\r\n<a href=\"https:\/\/brigetiosport.hu\/wordpress\/wp-content\/uploads\/2020\/01\/kamaraerdo_2019_cyclo_03.jpg\" title=\"\" rel=\"gal_191007\"><img loading=\"lazy\" decoding=\"async\" src=\"https:\/\/brigetiosport.hu\/wordpress\/wp-content\/uploads\/2020\/01\/kamaraerdo_2019_cyclo_03-300x200.jpg\" width=\"300\" height=\"200\" alt=\"\" \/><\/a>\r\n<\/div><\/figure><figure class=\"gallery-item\">\n<div class=\"gallery-icon\">\r\n<a href=\"https:\/\/brigetiosport.hu\/wordpress\/wp-content\/uploads\/2020\/01\/kamaraerdo_2019_cyclo_04.jpg\" title=\"\" rel=\"gal_191007\"><img loading=\"lazy\" decoding=\"async\" src=\"https:\/\/brigetiosport.hu\/wordpress\/wp-content\/uploads\/2020\/01\/kamaraerdo_2019_cyclo_04-300x200.jpg\" width=\"300\" height=\"200\" alt=\"\" \/><\/a>\r\n<\/div><\/figure><figure class=\"gallery-item\">\n<div class=\"gallery-icon\">\r\n<a href=\"https:\/\/brigetiosport.hu\/wordpress\/wp-content\/uploads\/2020\/01\/kamaraerdo_2019_cyclo_05.jpg\" title=\"\" rel=\"gal_191007\"><img loading=\"lazy\" decoding=\"async\" src=\"https:\/\/brigetiosport.hu\/wordpress\/wp-content\/uploads\/2020\/01\/kamaraerdo_2019_cyclo_05-300x200.jpg\" width=\"300\" height=\"200\" alt=\"\" \/><\/a>\r\n<\/div><\/figure>\r\n\t\t<\/div>\n\n<p>\u00c1ron a h\u00e9tv\u00e9g\u00e9n cyclocross versenyen vett r\u00e9szt, melyr\u0151l az al\u00e1bbiakat \u00edrta:<\/p>\n<blockquote><p>Sziasztok! \u00cdrtam egy r\u00f6vid besz\u00e1mol\u00f3t a szombati Kamaraerdei cycloversenyr\u0151l.<\/p>\n<p>\u00c9letemben el\u0151sz\u00f6r vettem r\u00e9szt cyclocross versenyen ez\u00e9rt az hobbi kateg\u00f3ri\u00e1ban indultam el. Az verseny hangulata nagyon idegen volt sz\u00e1momra, hiszem senkit nem ismerek ilyen k\u00f6r\u00f6kben Ronaldon k\u00edv\u00fcl. A rajt el\u0151tt negyed \u00f3r\u00e1val elkezdett szemerk\u00e9lni az es\u0151, ami a futamon v\u00e9gig \u00e9rezhet\u0151 volt, azonban a p\u00e1lya min\u0151s\u00e9g\u00e9t nem befoly\u00e1solta. M\u00e1sodik sorb\u00f3l, eg\u00e9sz j\u00f3 poz\u00edci\u00f3b\u00f3l rajtoltam, az els\u0151 p\u00e1r homok\u00e1g<span class=\"text_exposed_show\">yon eg\u00e9sz k\u00f6nnyen \u00e1tjutottam \u00edgy 3. helyen \u00e9rtem az erdei szekci\u00f3khoz. Itt azonban ki\u00fctk\u00f6z\u00f6tt a tapasztalat hi\u00e1nya. Nehezen mentek a meredekek, a lefel\u00e9kben f\u00e9ltem, a r\u00f6nk \u00e1tugrat\u00e1s\u00e1ra sem \u00e9reztem r\u00e1, egyed\u00fcl a felfut\u00e1s ment j\u00f3l, valamint a r\u00e9zs\u0171. Az els\u0151 k\u00f6rben estem egy lejtmenetben, \u00edgy ketten el l\u00e9ptek mell\u0151lem, k\u00e9t k\u00f6r ut\u00e1n kialakultak a poz\u00edci\u00f3k, mivel csak montisok voltak el\u0151ttem, \u00edgy az utols\u00f3 kett\u0151t k\u00e9nyelmesebbre vettem, els\u0151 cyclosk\u00e9nt haladtam \u00e1t a c\u00e9lvonalon, a futamban pedig 5. k\u00e9nt. Tanul\u00f3p\u00e9nznek t\u00f6k\u00e9letes volt, l\u00e1tom miben kell sokat fejl\u0151dni \u00e9s hol kell er\u0151s\u00f6dni. A k\u00f6vetkez\u0151 versenyekre megpr\u00f3b\u00e1lok felk\u00e9sz\u00fcltebben \u00e9rkezni. Ronald az elit futamon indult, azt mondta kellett egy p\u00e1r k\u00f6r neki mire belej\u00f6tt a versenybe, \u00edgy abszol\u00fat 5. kateg\u00f3ria 4. helyen \u00e9rt c\u00e9lba.<\/span><\/p><\/blockquote>\n","protected":false},"excerpt":{"rendered":"<p>\u00c1ron a h\u00e9tv\u00e9g\u00e9n cyclocross versenyen vett r\u00e9szt, melyr\u0151l az al\u00e1bbiakat \u00edrta: Sziasztok! \u00cdrtam egy r\u00f6vid besz\u00e1mol\u00f3t a szombati Kamaraerdei cycloversenyr\u0151l. \u00c9letemben el\u0151sz\u00f6r vettem r\u00e9szt cyclocross versenyen ez\u00e9rt az hobbi kateg\u00f3ri\u00e1ban indultam el. Az verseny hangulata nagyon idegen volt sz\u00e1momra, hiszem senkit nem ismerek ilyen k\u00f6r\u00f6kben Ronaldon k\u00edv\u00fcl. A rajt el\u0151tt negyed \u00f3r\u00e1val elkezdett szemerk\u00e9lni az &hellip; <a href=\"https:\/\/brigetiosport.hu\/wordpress\/2019\/10\/07\/cycocross-sorozat-kamaraerdo\/\" class=\"more-link\"><span class=\"screen-reader-text\">&#8222;Cycocross sorozat: Kamaraerd\u0151&#8221;<\/span> b\u0151vebben<\/a><\/p>\n","protected":false},"author":1,"featured_media":0,"comment_status":"closed","ping_status":"closed","sticky":false,"template":"","format":"standard","meta":{"footnotes":""},"categories":[10,9],"tags":[],"_links":{"self":[{"href":"https:\/\/brigetiosport.hu\/wordpress\/wp-json\/wp\/v2\/posts\/1531"}],"collection":[{"href":"https:\/\/brigetiosport.hu\/wordpress\/wp-json\/wp\/v2\/posts"}],"about":[{"href":"https:\/\/brigetiosport.hu\/wordpress\/wp-json\/wp\/v2\/types\/post"}],"author":[{"embeddable":true,"href":"https:\/\/brigetiosport.hu\/wordpress\/wp-json\/wp\/v2\/users\/1"}],"replies":[{"embeddable":true,"href":"https:\/\/brigetiosport.hu\/wordpress\/wp-json\/wp\/v2\/comments?post=1531"}],"version-history":[{"count":3,"href":"https:\/\/brigetiosport.hu\/wordpress\/wp-json\/wp\/v2\/posts\/1531\/revisions"}],"predecessor-version":[{"id":1539,"href":"https:\/\/brigetiosport.hu\/wordpress\/wp-json\/wp\/v2\/posts\/1531\/revisions\/1539"}],"wp:attachment":[{"href":"https:\/\/brigetiosport.hu\/wordpress\/wp-json\/wp\/v2\/media?parent=1531"}],"wp:term":[{"taxonomy":"category","embeddable":true,"href":"https:\/\/brigetiosport.hu\/wordpress\/wp-json\/wp\/v2\/categories?post=1531"},{"taxonomy":"post_tag","embeddable":true,"href":"https:\/\/brigetiosport.hu\/wordpress\/wp-json\/wp\/v2\/tags?post=1531"}],"curies":[{"name":"wp","href":"https:\/\/api.w.org\/{rel}","templated":true}]}}