{"id":1517,"date":"2019-09-01T11:19:01","date_gmt":"2019-09-01T10:19:01","guid":{"rendered":"http:\/\/brigetiosport.hu\/wordpress\/?p=1517"},"modified":"2020-01-21T11:22:55","modified_gmt":"2020-01-21T10:22:55","slug":"matra-maraton-beszamolo","status":"publish","type":"post","link":"https:\/\/brigetiosport.hu\/wordpress\/2019\/09\/01\/matra-maraton-beszamolo\/","title":{"rendered":"M\u00e1tra Maraton besz\u00e1mol\u00f3"},"content":{"rendered":"<div id=\"js_2b1\" class=\"_5pbx userContent _3576\" data-testid=\"post_message\" data-ft=\"{&quot;tn&quot;:&quot;K&quot;}\">\n<p>Kolozsv\u00e1ry Szil\u00e1rd \u00e9s Fekete N\u00f3ra szeptember 1-\u00e9n a M\u00e1tra Maratonon versenyeztek.<\/p>\n<p>Szil\u00e1rd a k\u00f6vetkez\u0151ket \u00edrta a versenyr\u0151l:<\/p>\n<blockquote><p>Szeptember 1-\u00e9n a M\u00e1tra maratonon vett\u00fcnk r\u00e9szt, igazi j\u00f3 ny\u00e1rias id\u0151nk volt, kicsit tal\u00e1n meleg is. A verseny helysz\u00edne nagyon sz\u00e9p k\u00f6rnyezetben volt \u00e9s a szervez\u0151k egy teljesen \u00faj p\u00e1ly\u00e1val k\u00e9sz\u00fcltek, ami j\u00f3 kis montis p\u00e1lya lett, emelked\u0151 volt benne b\u0151ven, v\u00e9g\u00fcl is a M\u00e1tr\u00e1ba voltunk. \u00c9n a r\u00f6vid t\u00e1von indultam ami 43 km 1200m szint k\u00fcl\u00f6nbs\u00e9ggel, m\u00edg N\u00f3ri a 19 km-es mini t\u00e1von ami 380m szintet tartalmazott.<br \/>\nN\u00f3ri a Master 2. 6. helyen, \u00e9n a Master 2. 36. helyen \u00e9rtem c\u00e9lba.<\/p><\/blockquote>\n\n\t\t<div id='gallery-1' class='gallery galleryid-1517 gallery-columns-2 gallery-size-medium gal190901'><script type=\"text\/javascript\">\r\n\/\/ <![CDATA[\r\n\tjQuery(document).ready(function () {\r\n\t\tjQuery(\".gal190901 a\").attr(\"rel\",\"gal190901\");\t\r\n\t\tjQuery('a[rel=\"gal190901\"]').colorbox({maxWidth:\"95%\", maxHeight:\"95%\",title: function(){ return jQuery(this).children().attr(\"alt\"); }});\r\n\t});\r\n\/\/ ]]>\r\n<\/script>\n<figure class=\"gallery-item\">\n<div class=\"gallery-icon\">\r\n<a href=\"https:\/\/brigetiosport.hu\/wordpress\/wp-content\/uploads\/2020\/01\/matramaraton_01.jpg\" title=\"\" rel=\"gal190901\"><img loading=\"lazy\" decoding=\"async\" src=\"https:\/\/brigetiosport.hu\/wordpress\/wp-content\/uploads\/2020\/01\/matramaraton_01-300x200.jpg\" width=\"300\" height=\"200\" alt=\"\" \/><\/a>\r\n<\/div><\/figure><figure class=\"gallery-item\">\n<div class=\"gallery-icon\">\r\n<a href=\"https:\/\/brigetiosport.hu\/wordpress\/wp-content\/uploads\/2020\/01\/matramaraton_02.jpg\" title=\"\" rel=\"gal190901\"><img loading=\"lazy\" decoding=\"async\" src=\"https:\/\/brigetiosport.hu\/wordpress\/wp-content\/uploads\/2020\/01\/matramaraton_02-300x191.jpg\" width=\"300\" height=\"191\" alt=\"\" \/><\/a>\r\n<\/div><\/figure>\r\n\t\t<\/div>\n\n<\/div>\n","protected":false},"excerpt":{"rendered":"<p>Kolozsv\u00e1ry Szil\u00e1rd \u00e9s Fekete N\u00f3ra szeptember 1-\u00e9n a M\u00e1tra Maratonon versenyeztek. Szil\u00e1rd a k\u00f6vetkez\u0151ket \u00edrta a versenyr\u0151l: Szeptember 1-\u00e9n a M\u00e1tra maratonon vett\u00fcnk r\u00e9szt, igazi j\u00f3 ny\u00e1rias id\u0151nk volt, kicsit tal\u00e1n meleg is. A verseny helysz\u00edne nagyon sz\u00e9p k\u00f6rnyezetben volt \u00e9s a szervez\u0151k egy teljesen \u00faj p\u00e1ly\u00e1val k\u00e9sz\u00fcltek, ami j\u00f3 kis montis p\u00e1lya lett, emelked\u0151 &hellip; <a href=\"https:\/\/brigetiosport.hu\/wordpress\/2019\/09\/01\/matra-maraton-beszamolo\/\" class=\"more-link\"><span class=\"screen-reader-text\">&#8222;M\u00e1tra Maraton besz\u00e1mol\u00f3&#8221;<\/span> b\u0151vebben<\/a><\/p>\n","protected":false},"author":1,"featured_media":0,"comment_status":"closed","ping_status":"closed","sticky":false,"template":"","format":"standard","meta":{"footnotes":""},"categories":[10,8],"tags":[],"_links":{"self":[{"href":"https:\/\/brigetiosport.hu\/wordpress\/wp-json\/wp\/v2\/posts\/1517"}],"collection":[{"href":"https:\/\/brigetiosport.hu\/wordpress\/wp-json\/wp\/v2\/posts"}],"about":[{"href":"https:\/\/brigetiosport.hu\/wordpress\/wp-json\/wp\/v2\/types\/post"}],"author":[{"embeddable":true,"href":"https:\/\/brigetiosport.hu\/wordpress\/wp-json\/wp\/v2\/users\/1"}],"replies":[{"embeddable":true,"href":"https:\/\/brigetiosport.hu\/wordpress\/wp-json\/wp\/v2\/comments?post=1517"}],"version-history":[{"count":1,"href":"https:\/\/brigetiosport.hu\/wordpress\/wp-json\/wp\/v2\/posts\/1517\/revisions"}],"predecessor-version":[{"id":1520,"href":"https:\/\/brigetiosport.hu\/wordpress\/wp-json\/wp\/v2\/posts\/1517\/revisions\/1520"}],"wp:attachment":[{"href":"https:\/\/brigetiosport.hu\/wordpress\/wp-json\/wp\/v2\/media?parent=1517"}],"wp:term":[{"taxonomy":"category","embeddable":true,"href":"https:\/\/brigetiosport.hu\/wordpress\/wp-json\/wp\/v2\/categories?post=1517"},{"taxonomy":"post_tag","embeddable":true,"href":"https:\/\/brigetiosport.hu\/wordpress\/wp-json\/wp\/v2\/tags?post=1517"}],"curies":[{"name":"wp","href":"https:\/\/api.w.org\/{rel}","templated":true}]}}