{"id":1505,"date":"2020-01-21T11:08:10","date_gmt":"2020-01-21T10:08:10","guid":{"rendered":"http:\/\/brigetiosport.hu\/wordpress\/?p=1505"},"modified":"2020-01-21T11:11:46","modified_gmt":"2020-01-21T10:11:46","slug":"cyclocross-ob-beszamolo-madarasz-aron-ertekelese","status":"publish","type":"post","link":"https:\/\/brigetiosport.hu\/wordpress\/2020\/01\/21\/cyclocross-ob-beszamolo-madarasz-aron-ertekelese\/","title":{"rendered":"Cyclocross OB besz\u00e1mol\u00f3: Madar\u00e1sz \u00c1ron \u00e9rt\u00e9kel\u00e9se"},"content":{"rendered":"\n\t\t<div id='gallery-1' class='gallery galleryid-1505 gallery-columns-1 gallery-size-large gal200121'><script type=\"text\/javascript\">\r\n\/\/ <![CDATA[\r\n\tjQuery(document).ready(function () {\r\n\t\tjQuery(\".gal200121 a\").attr(\"rel\",\"gal200121\");\t\r\n\t\tjQuery('a[rel=\"gal200121\"]').colorbox({maxWidth:\"95%\", maxHeight:\"95%\",title: function(){ return jQuery(this).children().attr(\"alt\"); }});\r\n\t});\r\n\/\/ ]]>\r\n<\/script>\n<figure class=\"gallery-item\">\n<div class=\"gallery-icon\">\r\n<a href=\"https:\/\/brigetiosport.hu\/wordpress\/wp-content\/uploads\/2020\/01\/madarasza_cyclo_01.jpg\" title=\"\" rel=\"gal200121\"><img loading=\"lazy\" decoding=\"async\" src=\"https:\/\/brigetiosport.hu\/wordpress\/wp-content\/uploads\/2020\/01\/madarasza_cyclo_01-682x1024.jpg\" width=\"682\" height=\"1024\" alt=\"\" \/><\/a>\r\n<\/div><\/figure>\r\n\t\t<\/div>\n\n<p style=\"text-align: left;\">Janu\u00e1r 12-\u00e9n Kecskem\u00e9ten tartott\u00e1k a cyclo-cross orsz\u00e1gos bajnoks\u00e1got, ahol Madar\u00e1sz \u00c1ron U23-as korcsoportban az 5. helyez\u00e9st \u00e9rte el.<\/p>\n<p style=\"text-align: left;\">Al\u00e1bbiakban \u00c1ron \u00e9rt\u00e9kel\u00e9se olvashat\u00f3:<\/p>\n<blockquote><p>A 2019\/20-as cyclo szezon volt sz\u00e1momra az els\u0151, a kamaraerdei szezonnyit\u00f3n m\u00e9g a hobbi futamban indultam, ahol a cyclocross kateg\u00f3ri\u00e1ban siker\u00fclt nyernem, a futamban 5. lettem. Ezen felbuzdulva a soron k\u00f6vetkez\u0151 versenyeken m\u00e1r az elit futamban indultam, \u00e1m mind a v\u00e1rgesztesi mind a t\u00f6r\u00f6kb\u00e1linti verseny t\u00fal nagy v\u00e1lt\u00e1snak bizonyult a sz\u00e1momr<span class=\"text_exposed_show\">a, v\u00e1rakoz\u00e1somon alul teljes\u00edtettem. Az ob-re \u00fagy k\u00e9sz\u00fcltem, hogy tudtam hogy a p\u00e1lya jobban fog fek\u00fcdni nekem mint a kor\u00e1bbiak, l\u00e9nyeg\u00e9ben teljesen s\u00edk, sok aszfaltozott r\u00e9sszel \u00e9s nem t\u00fal technik\u00e1s p\u00e1lya, \u00e9s valamivel jobb form\u00e1ban is \u00e9rkeztem Kecskem\u00e9tre. A kev\u00e9s ranglista pontom miatt utols\u00f3 el\u0151tti sorb\u00f3l indultam, de az els\u0151 r\u00e9zs\u0171s szekci\u00f3ra j\u00f3 p\u00e1r helyet siker\u00fclt el\u0151re l\u00e9pnem, azonban visszasz\u00e1ll\u00e1sn\u00e1l a l\u00e1bam elakadt a h\u00e1ts\u00f3 ker\u00e9kben, \u00edgy az utols\u00f3 helyre ker\u00fcltem vissza. Innen nagyj\u00e1b\u00f3l h\u00e1rom k\u00f6r\u00f6n kereszt\u00fcl jav\u00edtottam a poz\u00edci\u00f3mon, t\u00f6bb rizik\u00f3t v\u00e1llaltam, de onnant\u00f3l m\u00e1r t\u00f6bb helyet nem tudtam felj\u00f6nni \u00e9s ink\u00e1bb a megl\u00e9v\u0151t pr\u00f3b\u00e1ltam megtartani, \u00edgy v\u00e9g\u00fcl u23ban 5. helyen siker\u00fclt be\u00e9rnem. Alapoz\u00e1snak t\u00f6k\u00e9letes volt \u00e9s meghozta a kedvem a k\u00f6vetkez\u0151 szezonra, amire terveim szerint nagyobb odafigyel\u00e9ssel fogok k\u00e9sz\u00fclni.<br \/>\n<\/span><\/p><\/blockquote>\n<p>&nbsp;<\/p>\n\n\t\t<div id='gallery-2' class='gallery galleryid-1505 gallery-columns-3 gallery-size-medium gal200121'><script type=\"text\/javascript\">\r\n\/\/ <![CDATA[\r\n\tjQuery(document).ready(function () {\r\n\t\tjQuery(\".gal200121 a\").attr(\"rel\",\"gal200121\");\t\r\n\t\tjQuery('a[rel=\"gal200121\"]').colorbox({maxWidth:\"95%\", maxHeight:\"95%\",title: function(){ return jQuery(this).children().attr(\"alt\"); }});\r\n\t});\r\n\/\/ ]]>\r\n<\/script>\n<figure class=\"gallery-item\">\n<div class=\"gallery-icon\">\r\n<a href=\"https:\/\/brigetiosport.hu\/wordpress\/wp-content\/uploads\/2020\/01\/madarasza_cyclo_02.jpg\" title=\"\" rel=\"gal200121\"><img loading=\"lazy\" decoding=\"async\" src=\"https:\/\/brigetiosport.hu\/wordpress\/wp-content\/uploads\/2020\/01\/madarasza_cyclo_02-300x200.jpg\" width=\"300\" height=\"200\" alt=\"\" \/><\/a>\r\n<\/div><\/figure><figure class=\"gallery-item\">\n<div class=\"gallery-icon\">\r\n<a href=\"https:\/\/brigetiosport.hu\/wordpress\/wp-content\/uploads\/2020\/01\/madarasza_cyclo_03.jpg\" title=\"\" rel=\"gal200121\"><img loading=\"lazy\" decoding=\"async\" src=\"https:\/\/brigetiosport.hu\/wordpress\/wp-content\/uploads\/2020\/01\/madarasza_cyclo_03-300x200.jpg\" width=\"300\" height=\"200\" alt=\"\" \/><\/a>\r\n<\/div><\/figure><figure class=\"gallery-item\">\n<div class=\"gallery-icon\">\r\n<a href=\"https:\/\/brigetiosport.hu\/wordpress\/wp-content\/uploads\/2020\/01\/madarasza_cyclo_04.jpg\" title=\"\" rel=\"gal200121\"><img loading=\"lazy\" decoding=\"async\" src=\"https:\/\/brigetiosport.hu\/wordpress\/wp-content\/uploads\/2020\/01\/madarasza_cyclo_04-300x200.jpg\" width=\"300\" height=\"200\" alt=\"\" \/><\/a>\r\n<\/div><\/figure><figure class=\"gallery-item\">\n<div class=\"gallery-icon\">\r\n<a href=\"https:\/\/brigetiosport.hu\/wordpress\/wp-content\/uploads\/2020\/01\/madarasza_cyclo_05.jpg\" title=\"\" rel=\"gal200121\"><img loading=\"lazy\" decoding=\"async\" src=\"https:\/\/brigetiosport.hu\/wordpress\/wp-content\/uploads\/2020\/01\/madarasza_cyclo_05-300x200.jpg\" width=\"300\" height=\"200\" alt=\"\" \/><\/a>\r\n<\/div><\/figure><figure class=\"gallery-item\">\n<div class=\"gallery-icon\">\r\n<a href=\"https:\/\/brigetiosport.hu\/wordpress\/wp-content\/uploads\/2020\/01\/madarasza_cyclo_06.jpg\" title=\"\" rel=\"gal200121\"><img loading=\"lazy\" decoding=\"async\" src=\"https:\/\/brigetiosport.hu\/wordpress\/wp-content\/uploads\/2020\/01\/madarasza_cyclo_06-300x200.jpg\" width=\"300\" height=\"200\" alt=\"\" \/><\/a>\r\n<\/div><\/figure>\r\n\t\t<\/div>\n\n","protected":false},"excerpt":{"rendered":"<p>Janu\u00e1r 12-\u00e9n Kecskem\u00e9ten tartott\u00e1k a cyclo-cross orsz\u00e1gos bajnoks\u00e1got, ahol Madar\u00e1sz \u00c1ron U23-as korcsoportban az 5. helyez\u00e9st \u00e9rte el. Al\u00e1bbiakban \u00c1ron \u00e9rt\u00e9kel\u00e9se olvashat\u00f3: A 2019\/20-as cyclo szezon volt sz\u00e1momra az els\u0151, a kamaraerdei szezonnyit\u00f3n m\u00e9g a hobbi futamban indultam, ahol a cyclocross kateg\u00f3ri\u00e1ban siker\u00fclt nyernem, a futamban 5. lettem. Ezen felbuzdulva a soron k\u00f6vetkez\u0151 versenyeken m\u00e1r &hellip; <a href=\"https:\/\/brigetiosport.hu\/wordpress\/2020\/01\/21\/cyclocross-ob-beszamolo-madarasz-aron-ertekelese\/\" class=\"more-link\"><span class=\"screen-reader-text\">&#8222;Cyclocross OB besz\u00e1mol\u00f3: Madar\u00e1sz \u00c1ron \u00e9rt\u00e9kel\u00e9se&#8221;<\/span> b\u0151vebben<\/a><\/p>\n","protected":false},"author":1,"featured_media":0,"comment_status":"closed","ping_status":"closed","sticky":false,"template":"","format":"standard","meta":{"footnotes":""},"categories":[10,9],"tags":[],"_links":{"self":[{"href":"https:\/\/brigetiosport.hu\/wordpress\/wp-json\/wp\/v2\/posts\/1505"}],"collection":[{"href":"https:\/\/brigetiosport.hu\/wordpress\/wp-json\/wp\/v2\/posts"}],"about":[{"href":"https:\/\/brigetiosport.hu\/wordpress\/wp-json\/wp\/v2\/types\/post"}],"author":[{"embeddable":true,"href":"https:\/\/brigetiosport.hu\/wordpress\/wp-json\/wp\/v2\/users\/1"}],"replies":[{"embeddable":true,"href":"https:\/\/brigetiosport.hu\/wordpress\/wp-json\/wp\/v2\/comments?post=1505"}],"version-history":[{"count":5,"href":"https:\/\/brigetiosport.hu\/wordpress\/wp-json\/wp\/v2\/posts\/1505\/revisions"}],"predecessor-version":[{"id":1516,"href":"https:\/\/brigetiosport.hu\/wordpress\/wp-json\/wp\/v2\/posts\/1505\/revisions\/1516"}],"wp:attachment":[{"href":"https:\/\/brigetiosport.hu\/wordpress\/wp-json\/wp\/v2\/media?parent=1505"}],"wp:term":[{"taxonomy":"category","embeddable":true,"href":"https:\/\/brigetiosport.hu\/wordpress\/wp-json\/wp\/v2\/categories?post=1505"},{"taxonomy":"post_tag","embeddable":true,"href":"https:\/\/brigetiosport.hu\/wordpress\/wp-json\/wp\/v2\/tags?post=1505"}],"curies":[{"name":"wp","href":"https:\/\/api.w.org\/{rel}","templated":true}]}}