{"id":1467,"date":"2019-10-08T11:00:47","date_gmt":"2019-10-08T10:00:47","guid":{"rendered":"http:\/\/brigetiosport.hu\/wordpress\/?p=1467"},"modified":"2019-10-09T06:55:51","modified_gmt":"2019-10-09T05:55:51","slug":"iv-brigetio-orszaguti-es-mtb-idofutam-beszamolo","status":"publish","type":"post","link":"https:\/\/brigetiosport.hu\/wordpress\/2019\/10\/08\/iv-brigetio-orszaguti-es-mtb-idofutam-beszamolo\/","title":{"rendered":"IV. Brigetio Orsz\u00e1g\u00fati -\u00e9s MTB id\u0151futam: besz\u00e1mol\u00f3"},"content":{"rendered":"\n\t\t<div id='gallery-1' class='gallery galleryid-1467 gallery-columns-2 gallery-size-medium gal191008'><script type=\"text\/javascript\">\r\n\/\/ <![CDATA[\r\n\tjQuery(document).ready(function () {\r\n\t\tjQuery(\".gal191008 a\").attr(\"rel\",\"gal191008\");\t\r\n\t\tjQuery('a[rel=\"gal191008\"]').colorbox({maxWidth:\"95%\", maxHeight:\"95%\",title: function(){ return jQuery(this).children().attr(\"alt\"); }});\r\n\t});\r\n\/\/ ]]>\r\n<\/script>\n<figure class=\"gallery-item\">\n<div class=\"gallery-icon\">\r\n<a href=\"https:\/\/brigetiosport.hu\/wordpress\/wp-content\/uploads\/2019\/10\/2019_brigetio_if_02.jpg\" title=\"\" rel=\"gal191008\"><img loading=\"lazy\" decoding=\"async\" src=\"https:\/\/brigetiosport.hu\/wordpress\/wp-content\/uploads\/2019\/10\/2019_brigetio_if_02-300x200.jpg\" width=\"300\" height=\"200\" alt=\"\" \/><\/a>\r\n<\/div><\/figure><figure class=\"gallery-item\">\n<div class=\"gallery-icon\">\r\n<a href=\"https:\/\/brigetiosport.hu\/wordpress\/wp-content\/uploads\/2019\/10\/2019_brigetio_if_01.jpg\" title=\"\" rel=\"gal191008\"><img loading=\"lazy\" decoding=\"async\" src=\"https:\/\/brigetiosport.hu\/wordpress\/wp-content\/uploads\/2019\/10\/2019_brigetio_if_01-300x201.jpg\" width=\"300\" height=\"201\" alt=\"\" \/><\/a>\r\n<\/div><\/figure>\r\n\t\t<\/div>\n\n<p>Tegnap v\u00e9get \u00e9rt az idei Magyar Ker\u00e9kp\u00e1ros Amat\u0151r Bajnoks\u00e1g a McLloyd&#8217;s <a class=\"profileLink\" href=\"https:\/\/www.facebook.com\/riversidett\/?__tn__=K-R&amp;eid=ARCxfpm_Hvw3Y727UNo9kbIcxeJ3_1XtqCV4XTQ8U3GoUOSAv4n1nu7JWA8W6gLHqhabGJuu6OpW7eia&amp;fref=mentions&amp;__xts__%5B0%5D=68.ARCOsbPN_E9Ufh2lcIXWMa_zo1O83zITpk6PkovosWiFitKQAOtZGwm7qTonPtn7JiP7nGWamPkgXqfVXGUIBjL6iyx_PB_7tizt1XhApykAxieTPDfcR38TA7sE9qSCJn7agmM3lzWGssLvm4dneiDaOrGO5o8UoA-lHCTE3Qn5C3X3HB6jaBi0RBedeDlGHUqeB5b-2mOrbLDf89mXQNA5Bdwyogy0FAMTYhkBhyzdOAMiHSCD7BRyYgaaVGcjSFUeaBsARQFvz_qYH5GJgUNOty0TF9KgKJtW57mT4x034ZvXeEHNm_RjpNHEs868a0GxI-D1sWfbCEYmWYEScQWzlQ\" data-hovercard=\"\/ajax\/hovercard\/page.php?id=1971007219872093&amp;extragetparams=%7B%22__tn__%22%3A%22%2CdK-R-R%22%2C%22eid%22%3A%22ARCxfpm_Hvw3Y727UNo9kbIcxeJ3_1XtqCV4XTQ8U3GoUOSAv4n1nu7JWA8W6gLHqhabGJuu6OpW7eia%22%2C%22fref%22%3A%22mentions%22%7D\" data-hovercard-prefer-more-content-show=\"1\">Riverside Time Trial<\/a> 2. fordul\u00f3val, a Brigetio Orsz\u00e1g\u00fati \u00e9s MTB Id\u0151futammal!<\/p>\n<p>A versenyt megel\u0151z\u0151 napon es\u0151 z\u00fadult Kom\u00e1romra, majd az \u00e9jszaka folyam\u00e1n \u00e9s a versenynapon is viharos sz\u00e9l nehez\u00edtette a versenyszervez\u00e9st, ennek ellen\u00e9re igyekezt\u00fcnk ide\u00e1lis k\u00f6r\u00fclm\u00e9nyeket biztos\u00edtani a helysz\u00ednre. Id\u00e9n els\u0151 alkalommal sz\u00ednpadr\u00f3l rajtoltak a ker\u00e9kp\u00e1r\u00e1sok, ezzel pr\u00f3b\u00e1ltunk meg egy kicsit tov\u00e1bb fejl\u0151dni az el\u0151z\u0151 <span class=\"text_exposed_show\">\u00e9vhez k\u00e9pest. A p\u00e1lya a h\u00e9tv\u00e9gi csatorn\u00e1z\u00e1si munk\u00e1k miatt r\u00f6videbb lett a tervezettn\u00e9l, v\u00e9g\u00fcl 12,5 km-t kellett egyes\u00e9vel, a lehet\u0151 leggyorsabban teljes\u00edteni. A legjobb id\u0151t v\u00e9g\u00fcl egyes\u00fclet\u00fcnk versenyz\u0151je <a class=\"profileLink\" title=\"Ronald Kuba\" href=\"https:\/\/www.facebook.com\/ronald.kuba?__tn__=K-R&amp;eid=ARAd7ukbOEyrzHDvou15d8MaPYZPBZZLCuByc_ywdEqEzd2IfXAaBG8-HSlSY2HjkypNEDXyNUWUf9Ly&amp;fref=mentions&amp;__xts__%5B0%5D=68.ARCOsbPN_E9Ufh2lcIXWMa_zo1O83zITpk6PkovosWiFitKQAOtZGwm7qTonPtn7JiP7nGWamPkgXqfVXGUIBjL6iyx_PB_7tizt1XhApykAxieTPDfcR38TA7sE9qSCJn7agmM3lzWGssLvm4dneiDaOrGO5o8UoA-lHCTE3Qn5C3X3HB6jaBi0RBedeDlGHUqeB5b-2mOrbLDf89mXQNA5Bdwyogy0FAMTYhkBhyzdOAMiHSCD7BRyYgaaVGcjSFUeaBsARQFvz_qYH5GJgUNOty0TF9KgKJtW57mT4x034ZvXeEHNm_RjpNHEs868a0GxI-D1sWfbCEYmWYEScQWzlQ\" data-hovercard=\"\/ajax\/hovercard\/user.php?id=100001007150245&amp;extragetparams=%7B%22__tn__%22%3A%22%2CdK-R-R%22%2C%22eid%22%3A%22ARAd7ukbOEyrzHDvou15d8MaPYZPBZZLCuByc_ywdEqEzd2IfXAaBG8-HSlSY2HjkypNEDXyNUWUf9Ly%22%2C%22fref%22%3A%22mentions%22%7D\" data-hovercard-prefer-more-content-show=\"1\">Ronald Kuba<\/a> \/Brigetio KSE\/ \u00e9rte el 0:16:13-as id\u0151vel, a m\u00e1sodik helyezett <a class=\"profileLink\" title=\"Tom\u00e1\u0161 Nagy\" href=\"https:\/\/www.facebook.com\/Tupek89?__tn__=K-R&amp;eid=ARBtJXNo18wDv--4dpo0edMy1-fEQ1Mh6HYNbmrMQzGvphrLcTcd4i5M9um32X2Z_QQTJD9-RIWhI_7X&amp;fref=mentions&amp;__xts__%5B0%5D=68.ARCOsbPN_E9Ufh2lcIXWMa_zo1O83zITpk6PkovosWiFitKQAOtZGwm7qTonPtn7JiP7nGWamPkgXqfVXGUIBjL6iyx_PB_7tizt1XhApykAxieTPDfcR38TA7sE9qSCJn7agmM3lzWGssLvm4dneiDaOrGO5o8UoA-lHCTE3Qn5C3X3HB6jaBi0RBedeDlGHUqeB5b-2mOrbLDf89mXQNA5Bdwyogy0FAMTYhkBhyzdOAMiHSCD7BRyYgaaVGcjSFUeaBsARQFvz_qYH5GJgUNOty0TF9KgKJtW57mT4x034ZvXeEHNm_RjpNHEs868a0GxI-D1sWfbCEYmWYEScQWzlQ\" data-hovercard=\"\/ajax\/hovercard\/user.php?id=100004887558935&amp;extragetparams=%7B%22__tn__%22%3A%22%2CdK-R-R%22%2C%22eid%22%3A%22ARBtJXNo18wDv--4dpo0edMy1-fEQ1Mh6HYNbmrMQzGvphrLcTcd4i5M9um32X2Z_QQTJD9-RIWhI_7X%22%2C%22fref%22%3A%22mentions%22%7D\" data-hovercard-prefer-more-content-show=\"1\">Tom\u00e1\u0161 Nagy<\/a> \/Osmos Team\/ \u00e9s a harmadik helyezett <a class=\"profileLink\" title=\"Adam Janoki\" href=\"https:\/\/www.facebook.com\/adam.janoki?__tn__=K-R&amp;eid=ARBGcSdYoyNYrPuB_IBhPYH9Fu53jXpfCERNPqp-OaEs7dZeoa9-J-_FC9pPRaNbMKkkYnQAH_FL1sTN&amp;fref=mentions&amp;__xts__%5B0%5D=68.ARCOsbPN_E9Ufh2lcIXWMa_zo1O83zITpk6PkovosWiFitKQAOtZGwm7qTonPtn7JiP7nGWamPkgXqfVXGUIBjL6iyx_PB_7tizt1XhApykAxieTPDfcR38TA7sE9qSCJn7agmM3lzWGssLvm4dneiDaOrGO5o8UoA-lHCTE3Qn5C3X3HB6jaBi0RBedeDlGHUqeB5b-2mOrbLDf89mXQNA5Bdwyogy0FAMTYhkBhyzdOAMiHSCD7BRyYgaaVGcjSFUeaBsARQFvz_qYH5GJgUNOty0TF9KgKJtW57mT4x034ZvXeEHNm_RjpNHEs868a0GxI-D1sWfbCEYmWYEScQWzlQ\" data-hovercard=\"\/ajax\/hovercard\/user.php?id=100000156428212&amp;extragetparams=%7B%22__tn__%22%3A%22%2CdK-R-R%22%2C%22eid%22%3A%22ARBGcSdYoyNYrPuB_IBhPYH9Fu53jXpfCERNPqp-OaEs7dZeoa9-J-_FC9pPRaNbMKkkYnQAH_FL1sTN%22%2C%22fref%22%3A%22mentions%22%7D\" data-hovercard-prefer-more-content-show=\"1\">Adam Janoki<\/a> \/Brigetio KSE\/ el\u0151tt! <\/span><\/p>\n<div class=\"text_exposed_show\">\n<p>Az eredm\u00e9nyhirdet\u00e9sen ki\u00e9rt\u00e9kel\u00e9sre ker\u00fclt a Magyar-Szlov\u00e1k hat\u00e1ron \u00e1tny\u00fal\u00f3 id\u0151futam bajnoks\u00e1g \u00e9s a Magyar Ker\u00e9kp\u00e1ros Amat\u0151r Bajnoks\u00e1g \u00f6sszetett eredm\u00e9nyei is, \u00edgy minden koroszt\u00e1lyban amat\u0151r bajnokot avattunk! A nap f\u00e9nypontja volt, amikor a legid\u0151sebb versenyz\u0151nk, a 82 \u00e9ves Csapl\u00e1r \u00c1rpi b\u00e1csi kisorsolt egy nagy \u00e9rt\u00e9k\u0171 orsz\u00e1g\u00fati ker\u00e9kp\u00e1rt az id\u0151futam bajnoks\u00e1g mindk\u00e9t fordul\u00f3j\u00e1n indult versenyz\u0151k k\u00f6z\u00f6tt, melyet <a class=\"profileLink\" title=\"Fridrich Buga\" href=\"https:\/\/www.facebook.com\/fridrich.buga?__tn__=K-R&amp;eid=ARC4KIAGkHPjoBORPMK3fx6gsoqmS454m82Dus1DI-y3nPOa07pFQfwqCuYFD1ZLrN6-w1wvd8ya2JCC&amp;fref=mentions&amp;__xts__%5B0%5D=68.ARCOsbPN_E9Ufh2lcIXWMa_zo1O83zITpk6PkovosWiFitKQAOtZGwm7qTonPtn7JiP7nGWamPkgXqfVXGUIBjL6iyx_PB_7tizt1XhApykAxieTPDfcR38TA7sE9qSCJn7agmM3lzWGssLvm4dneiDaOrGO5o8UoA-lHCTE3Qn5C3X3HB6jaBi0RBedeDlGHUqeB5b-2mOrbLDf89mXQNA5Bdwyogy0FAMTYhkBhyzdOAMiHSCD7BRyYgaaVGcjSFUeaBsARQFvz_qYH5GJgUNOty0TF9KgKJtW57mT4x034ZvXeEHNm_RjpNHEs868a0GxI-D1sWfbCEYmWYEScQWzlQ\" data-hovercard=\"\/ajax\/hovercard\/user.php?id=100000062752368&amp;extragetparams=%7B%22__tn__%22%3A%22%2CdK-R-R%22%2C%22eid%22%3A%22ARC4KIAGkHPjoBORPMK3fx6gsoqmS454m82Dus1DI-y3nPOa07pFQfwqCuYFD1ZLrN6-w1wvd8ya2JCC%22%2C%22fref%22%3A%22mentions%22%7D\" data-hovercard-prefer-more-content-show=\"1\">Fridrich Buga<\/a> nyert meg. V\u00e9g\u00fcl tort\u00e1z\u00e1ssal koron\u00e1ztuk, z\u00e1rtuk a 2019-es szezont!<\/p>\n<p>Mindenkinek k\u00f6sz\u00f6nj\u00fck, aki elj\u00f6tt a verseny\u00fcnkre, rem\u00e9lj\u00fck, hogy pozit\u00edv \u00e9lm\u00e9nyekkel z\u00e1rt\u00e1tok a 2019-es versenyszezont! K\u00f6sz\u00f6nj\u00fck t\u00e1mogat\u00f3inknak, szponzoraiknak, tagjainknak, csal\u00e1dtagjainknak, bar\u00e1tainknak az eg\u00e9sz \u00e9ves t\u00e1mogat\u00e1st!<\/p>\n<\/div>\n<p>Eredm\u00e9nyek: <a href=\"https:\/\/brigetiosport.hu\/wordpress\/?media_dl=1468\">xlsx<\/a><\/p>\n<p>Fot\u00f3k: <a href=\"https:\/\/www.facebook.com\/pg\/brigetiokse\/photos\/?tab=album&amp;album_id=2250749901703572&amp;__xts__%5B0%5D=68.ARADQ5MfaaNYNKLvCtOFkWStVCPMB1Uj8o05QEuRS2T2EYaBEuS0NBfEx9zSLvHyDgpZg-qi-B_g5ze8NhGTmQhHM1248A0GsbXWSmgxL1r9uYIyzhqcSFFGQLq7j87SAjgxkR2e-QwjZyXgy_GQxFyFJl_5_eUbFrDmlBQkYmnh6KlH5rMtfzzXy14RIJ79V4X66e8RVJT_7nxKVS6phrj1LDgaKrbKXHcyYk44oYYsAGvFVfpPgXgZbTUfXB7pFaMW2zHQ9kep5HreJMpQG8yKfodjpevcEi4XEw3gG8-5gHDS_mIVXZe2vTrk6O8JdHxl8JEe8PfQ-hJHHNyhMyVdAJ69biKdG-W82bfJPTwNUuG75lrw1osI7nrwxXtCJq9oemnMdPgDNMCmEHfX5pSA0MQajWGl68g8J0ccTe_lsyDOEtq6vL9FV2uoIAKmsMnOXUuaFyyLK6MZcsLC&amp;__tn__=-UC-R\" target=\"_blank\" rel=\"noopener noreferrer\">LINK<\/a><\/p>\n","protected":false},"excerpt":{"rendered":"<p>Tegnap v\u00e9get \u00e9rt az idei Magyar Ker\u00e9kp\u00e1ros Amat\u0151r Bajnoks\u00e1g a McLloyd&#8217;s Riverside Time Trial 2. fordul\u00f3val, a Brigetio Orsz\u00e1g\u00fati \u00e9s MTB Id\u0151futammal! A versenyt megel\u0151z\u0151 napon es\u0151 z\u00fadult Kom\u00e1romra, majd az \u00e9jszaka folyam\u00e1n \u00e9s a versenynapon is viharos sz\u00e9l nehez\u00edtette a versenyszervez\u00e9st, ennek ellen\u00e9re igyekezt\u00fcnk ide\u00e1lis k\u00f6r\u00fclm\u00e9nyeket biztos\u00edtani a helysz\u00ednre. Id\u00e9n els\u0151 alkalommal sz\u00ednpadr\u00f3l rajtoltak &hellip; <a href=\"https:\/\/brigetiosport.hu\/wordpress\/2019\/10\/08\/iv-brigetio-orszaguti-es-mtb-idofutam-beszamolo\/\" class=\"more-link\"><span class=\"screen-reader-text\">&#8222;IV. Brigetio Orsz\u00e1g\u00fati -\u00e9s MTB id\u0151futam: besz\u00e1mol\u00f3&#8221;<\/span> b\u0151vebben<\/a><\/p>\n","protected":false},"author":1,"featured_media":0,"comment_status":"closed","ping_status":"closed","sticky":false,"template":"","format":"standard","meta":{"footnotes":""},"categories":[10,7,6],"tags":[],"_links":{"self":[{"href":"https:\/\/brigetiosport.hu\/wordpress\/wp-json\/wp\/v2\/posts\/1467"}],"collection":[{"href":"https:\/\/brigetiosport.hu\/wordpress\/wp-json\/wp\/v2\/posts"}],"about":[{"href":"https:\/\/brigetiosport.hu\/wordpress\/wp-json\/wp\/v2\/types\/post"}],"author":[{"embeddable":true,"href":"https:\/\/brigetiosport.hu\/wordpress\/wp-json\/wp\/v2\/users\/1"}],"replies":[{"embeddable":true,"href":"https:\/\/brigetiosport.hu\/wordpress\/wp-json\/wp\/v2\/comments?post=1467"}],"version-history":[{"count":5,"href":"https:\/\/brigetiosport.hu\/wordpress\/wp-json\/wp\/v2\/posts\/1467\/revisions"}],"predecessor-version":[{"id":1477,"href":"https:\/\/brigetiosport.hu\/wordpress\/wp-json\/wp\/v2\/posts\/1467\/revisions\/1477"}],"wp:attachment":[{"href":"https:\/\/brigetiosport.hu\/wordpress\/wp-json\/wp\/v2\/media?parent=1467"}],"wp:term":[{"taxonomy":"category","embeddable":true,"href":"https:\/\/brigetiosport.hu\/wordpress\/wp-json\/wp\/v2\/categories?post=1467"},{"taxonomy":"post_tag","embeddable":true,"href":"https:\/\/brigetiosport.hu\/wordpress\/wp-json\/wp\/v2\/tags?post=1467"}],"curies":[{"name":"wp","href":"https:\/\/api.w.org\/{rel}","templated":true}]}}