{"id":1451,"date":"2019-09-03T21:22:20","date_gmt":"2019-09-03T20:22:20","guid":{"rendered":"http:\/\/brigetiosport.hu\/wordpress\/?p=1451"},"modified":"2019-10-08T10:54:40","modified_gmt":"2019-10-08T09:54:40","slug":"iv-brigetio-orszaguti-es-mtb-idofutam-versenykiiras","status":"publish","type":"post","link":"https:\/\/brigetiosport.hu\/wordpress\/2019\/09\/03\/iv-brigetio-orszaguti-es-mtb-idofutam-versenykiiras\/","title":{"rendered":"IV. Brigetio Orsz\u00e1g\u00fati -\u00e9s MTB Id\u0151futam versenyki\u00edr\u00e1s"},"content":{"rendered":"\n\t\t<div id='gallery-1' class='gallery galleryid-1451 gallery-columns-1 gallery-size-large gal190903'><script type=\"text\/javascript\">\r\n\/\/ <![CDATA[\r\n\tjQuery(document).ready(function () {\r\n\t\tjQuery(\".gal190903 a\").attr(\"rel\",\"gal190903\");\t\r\n\t\tjQuery('a[rel=\"gal190903\"]').colorbox({maxWidth:\"95%\", maxHeight:\"95%\",title: function(){ return jQuery(this).children().attr(\"alt\"); }});\r\n\t});\r\n\/\/ ]]>\r\n<\/script>\n<figure class=\"gallery-item\">\n<div class=\"gallery-icon\">\r\n<a href=\"https:\/\/brigetiosport.hu\/wordpress\/wp-content\/uploads\/2019\/09\/2019_riversidett_plakat.jpg\" title=\"\" rel=\"gal190903\"><img loading=\"lazy\" decoding=\"async\" src=\"https:\/\/brigetiosport.hu\/wordpress\/wp-content\/uploads\/2019\/09\/2019_riversidett_plakat-724x1024.jpg\" width=\"724\" height=\"1024\" alt=\"\" \/><\/a>\r\n<\/div><\/figure>\r\n\t\t<\/div>\n\n<p>A versenyki\u00edr\u00e1s a &#8216;Rendezv\u00e9nyeink&#8217; men\u00fcpont alatt el\u00e9rhet\u0151, illetve k\u00f6zvetlen\u00fcl megnyithat\u00f3 az al\u00e1bb linken: <a href=\"https:\/\/brigetiosport.hu\/wordpress\/iv-brigetio-orszaguti-es-mtb-idofutam\/\">VERSENYKI\u00cdR\u00c1S<\/a><\/p>\n<p>El\u0151nevez\u00e9sre az al\u00e1bbi oldalon van lehet\u0151s\u00e9g: <a href=\"http:\/\/nevezes.com\" target=\"_blank\" rel=\"noopener noreferrer\">EL\u0150NEVEZ\u00c9S<\/a><\/p>\n<p><span style=\"color: #ff0000;\"><strong>V\u00c1LTOZ\u00c1S:<\/strong> A verseny orsz\u00e1g\u00fati kateg\u00f3ri\u00e1j\u00e1nak korcsoportjai a 2019-es AKESZ bajnoks\u00e1g korcsoportjaihoz igazodva ker\u00fclt m\u00f3dos\u00edt\u00e1sra.<\/span><\/p>\n","protected":false},"excerpt":{"rendered":"<p>A versenyki\u00edr\u00e1s a &#8216;Rendezv\u00e9nyeink&#8217; men\u00fcpont alatt el\u00e9rhet\u0151, illetve k\u00f6zvetlen\u00fcl megnyithat\u00f3 az al\u00e1bb linken: VERSENYKI\u00cdR\u00c1S El\u0151nevez\u00e9sre az al\u00e1bbi oldalon van lehet\u0151s\u00e9g: EL\u0150NEVEZ\u00c9S V\u00c1LTOZ\u00c1S: A verseny orsz\u00e1g\u00fati kateg\u00f3ri\u00e1j\u00e1nak korcsoportjai a 2019-es AKESZ bajnoks\u00e1g korcsoportjaihoz igazodva ker\u00fclt m\u00f3dos\u00edt\u00e1sra.<\/p>\n","protected":false},"author":1,"featured_media":0,"comment_status":"closed","ping_status":"closed","sticky":false,"template":"","format":"standard","meta":{"footnotes":""},"categories":[7,6,4],"tags":[],"_links":{"self":[{"href":"https:\/\/brigetiosport.hu\/wordpress\/wp-json\/wp\/v2\/posts\/1451"}],"collection":[{"href":"https:\/\/brigetiosport.hu\/wordpress\/wp-json\/wp\/v2\/posts"}],"about":[{"href":"https:\/\/brigetiosport.hu\/wordpress\/wp-json\/wp\/v2\/types\/post"}],"author":[{"embeddable":true,"href":"https:\/\/brigetiosport.hu\/wordpress\/wp-json\/wp\/v2\/users\/1"}],"replies":[{"embeddable":true,"href":"https:\/\/brigetiosport.hu\/wordpress\/wp-json\/wp\/v2\/comments?post=1451"}],"version-history":[{"count":5,"href":"https:\/\/brigetiosport.hu\/wordpress\/wp-json\/wp\/v2\/posts\/1451\/revisions"}],"predecessor-version":[{"id":1464,"href":"https:\/\/brigetiosport.hu\/wordpress\/wp-json\/wp\/v2\/posts\/1451\/revisions\/1464"}],"wp:attachment":[{"href":"https:\/\/brigetiosport.hu\/wordpress\/wp-json\/wp\/v2\/media?parent=1451"}],"wp:term":[{"taxonomy":"category","embeddable":true,"href":"https:\/\/brigetiosport.hu\/wordpress\/wp-json\/wp\/v2\/categories?post=1451"},{"taxonomy":"post_tag","embeddable":true,"href":"https:\/\/brigetiosport.hu\/wordpress\/wp-json\/wp\/v2\/tags?post=1451"}],"curies":[{"name":"wp","href":"https:\/\/api.w.org\/{rel}","templated":true}]}}