{"id":1382,"date":"2019-06-21T19:40:25","date_gmt":"2019-06-21T18:40:25","guid":{"rendered":"http:\/\/brigetiosport.hu\/wordpress\/?p=1382"},"modified":"2019-08-11T18:34:17","modified_gmt":"2019-08-11T17:34:17","slug":"v-brigetio-mezonyverseny-versenykiiras","status":"publish","type":"post","link":"https:\/\/brigetiosport.hu\/wordpress\/2019\/06\/21\/v-brigetio-mezonyverseny-versenykiiras\/","title":{"rendered":"V. Brigetio Mez\u0151nyverseny versenyki\u00edr\u00e1s"},"content":{"rendered":"\n\t\t<div id='gallery-1' class='gallery galleryid-1382 gallery-columns-1 gallery-size-large gal190621'><script type=\"text\/javascript\">\r\n\/\/ <![CDATA[\r\n\tjQuery(document).ready(function () {\r\n\t\tjQuery(\".gal190621 a\").attr(\"rel\",\"gal190621\");\t\r\n\t\tjQuery('a[rel=\"gal190621\"]').colorbox({maxWidth:\"95%\", maxHeight:\"95%\",title: function(){ return jQuery(this).children().attr(\"alt\"); }});\r\n\t});\r\n\/\/ ]]>\r\n<\/script>\n<figure class=\"gallery-item\">\n<div class=\"gallery-icon\">\r\n<a href=\"https:\/\/brigetiosport.hu\/wordpress\/wp-content\/uploads\/2019\/06\/plakat_v_brigetio_mezonyverseny-1.jpg\" title=\"V. Brigetio Orsz\u00e1g\u00fati mez\u0151nyvereny plak\u00e1t\" rel=\"gal190621\"><img loading=\"lazy\" decoding=\"async\" src=\"https:\/\/brigetiosport.hu\/wordpress\/wp-content\/uploads\/2019\/06\/plakat_v_brigetio_mezonyverseny-1-729x1024.jpg\" width=\"729\" height=\"1024\" alt=\"V. Brigetio Orsz\u00e1g\u00fati mez\u0151nyvereny plak\u00e1t\" \/><\/a>\r\n<\/div><figcaption class=\"gallery-caption\" id=\"caption1391\"><span class=\"imagecaption\">V. Brigetio Orsz\u00e1g\u00fati mez\u0151nyvereny plak\u00e1t<\/span><br \/>\n<\/figcaption><\/figure>\r\n\t\t<\/div>\n\n<p>A versenyki\u00edr\u00e1s a &#8216;Rendezv\u00e9nyeink&#8217; men\u00fcpont alatt el\u00e9rhet\u0151, illetve k\u00f6zvetlen\u00fcl megnyithat\u00f3 az al\u00e1bb linken: <a href=\"https:\/\/brigetiosport.hu\/wordpress\/v-brigetio-orszaguti-mezonyverseny\/\">VERSENYKI\u00cdR\u00c1S<\/a><\/p>\n<p>El\u0151nevez\u00e9sre az al\u00e1bbi oldalon van lehet\u0151s\u00e9g: <a href=\"http:\/\/nevezes.com\" target=\"_blank\" rel=\"noopener noreferrer\">EL\u0150NEVEZ\u00c9S<\/a><\/p>\n","protected":false},"excerpt":{"rendered":"<p>A versenyki\u00edr\u00e1s a &#8216;Rendezv\u00e9nyeink&#8217; men\u00fcpont alatt el\u00e9rhet\u0151, illetve k\u00f6zvetlen\u00fcl megnyithat\u00f3 az al\u00e1bb linken: VERSENYKI\u00cdR\u00c1S El\u0151nevez\u00e9sre az al\u00e1bbi oldalon van lehet\u0151s\u00e9g: EL\u0150NEVEZ\u00c9S<\/p>\n","protected":false},"author":1,"featured_media":0,"comment_status":"closed","ping_status":"closed","sticky":false,"template":"","format":"standard","meta":{"footnotes":""},"categories":[3,4],"tags":[],"_links":{"self":[{"href":"https:\/\/brigetiosport.hu\/wordpress\/wp-json\/wp\/v2\/posts\/1382"}],"collection":[{"href":"https:\/\/brigetiosport.hu\/wordpress\/wp-json\/wp\/v2\/posts"}],"about":[{"href":"https:\/\/brigetiosport.hu\/wordpress\/wp-json\/wp\/v2\/types\/post"}],"author":[{"embeddable":true,"href":"https:\/\/brigetiosport.hu\/wordpress\/wp-json\/wp\/v2\/users\/1"}],"replies":[{"embeddable":true,"href":"https:\/\/brigetiosport.hu\/wordpress\/wp-json\/wp\/v2\/comments?post=1382"}],"version-history":[{"count":4,"href":"https:\/\/brigetiosport.hu\/wordpress\/wp-json\/wp\/v2\/posts\/1382\/revisions"}],"predecessor-version":[{"id":1392,"href":"https:\/\/brigetiosport.hu\/wordpress\/wp-json\/wp\/v2\/posts\/1382\/revisions\/1392"}],"wp:attachment":[{"href":"https:\/\/brigetiosport.hu\/wordpress\/wp-json\/wp\/v2\/media?parent=1382"}],"wp:term":[{"taxonomy":"category","embeddable":true,"href":"https:\/\/brigetiosport.hu\/wordpress\/wp-json\/wp\/v2\/categories?post=1382"},{"taxonomy":"post_tag","embeddable":true,"href":"https:\/\/brigetiosport.hu\/wordpress\/wp-json\/wp\/v2\/tags?post=1382"}],"curies":[{"name":"wp","href":"https:\/\/api.w.org\/{rel}","templated":true}]}}