{"id":137,"date":"2017-02-13T05:55:52","date_gmt":"2017-02-13T04:55:52","guid":{"rendered":"http:\/\/brigetiosport.hu\/wordpress\/?p=137"},"modified":"2017-03-02T05:58:15","modified_gmt":"2017-03-02T04:58:15","slug":"elso-kozos-edzes","status":"publish","type":"post","link":"https:\/\/brigetiosport.hu\/wordpress\/2017\/02\/13\/elso-kozos-edzes\/","title":{"rendered":"Els\u0151 k\u00f6z\u00f6s edz\u00e9s"},"content":{"rendered":"<p>\n\t\t<div id='gallery-1' class='gallery galleryid-137 gallery-columns-2 gallery-size-medium gallery1'><script type=\"text\/javascript\">\r\n\/\/ <![CDATA[\r\n\tjQuery(document).ready(function () {\r\n\t\tjQuery(\".gallery1 a\").attr(\"rel\",\"gallery1\");\t\r\n\t\tjQuery('a[rel=\"gallery1\"]').colorbox({maxWidth:\"95%\", maxHeight:\"95%\",title: function(){ return jQuery(this).children().attr(\"alt\"); }});\r\n\t});\r\n\/\/ ]]>\r\n<\/script>\n<figure class=\"gallery-item\">\n<div class=\"gallery-icon\">\r\n<a href=\"https:\/\/brigetiosport.hu\/wordpress\/wp-content\/uploads\/2017\/03\/IMG_20170212_100438.jpg\" title=\"Gy\u00fclekez\u0151 a Szabads\u00e1g-t\u00e9ren\" rel=\"gallery1\"><img loading=\"lazy\" decoding=\"async\" src=\"https:\/\/brigetiosport.hu\/wordpress\/wp-content\/uploads\/2017\/03\/IMG_20170212_100438-300x169.jpg\" width=\"300\" height=\"169\" alt=\"Gy\u00fclekez\u0151 a Szabads\u00e1g-t\u00e9ren\" \/><\/a>\r\n<\/div><figcaption class=\"gallery-caption\" id=\"caption138\"><span class=\"imagecaption\">Gy\u00fclekez\u0151 a Szabads\u00e1g-t\u00e9ren<\/span><br \/>\n<\/figcaption><\/figure>\r\n\t\t<\/div>\n<br \/>\nVas\u00e1rnap egyes\u00fclet\u00fcnk idei els\u0151 k\u00f6z\u00f6s alapoz\u00f3 edz\u00e9s\u00e9t tartotta Kom\u00e1rom-G\u00fata-Kom\u00e1rom 52 km-es \u00fatvonalon. A h\u0151m\u00e9rs\u00e9klet m\u00e9g el\u00e9gg\u00e9 t\u00e9lies volt, melyhez er\u0151s sz\u00e9l is p\u00e1rosult, de szerencs\u00e9re kis\u00fct\u00f6tt a nap \u00e9s az utak sem cs\u00fasztak. Az edz\u00e9sen 8 tagunk vett r\u00e9szt, az edz\u00e9s c\u00e9lja els\u0151sorban a kilom\u00e9terek gy\u0171jt\u00e9se \u00e9s a bojban t\u00f6rt\u00e9n\u0151 ker\u00e9kp\u00e1roz\u00e1s gyakorl\u00e1sa volt. Az els\u0151 technikai probl\u00e9ma nem v\u00e1ratott sokat mag\u00e1ra, sajnos Papp Mih\u00e1lynak r\u00f6gt\u00f6n az elej\u00e9n technikai probl\u00e9m\u00e1ja ad\u00f3dott, ez\u00e9rt vissza kellett fordulnia. G\u00fat\u00e1n Nagy Andr\u00e1s csatlakozott a csapathoz, \u00edgy a haza\u00fat 8 f\u0151vel zajlott. Fail Bogl\u00e1rk\u00e1nak \u00e9s V\u00e1gi J\u00f3zsefnek az edz\u00e9s 100 km-esre sikeredett, nekik m\u00e9g Kom\u00e1romb\u00f3l haza is kellett tekerni. J\u00f3 volt \u00fajra k\u00f6z\u00f6sen tekerni, nagy szeretettel v\u00e1rjuk a tavaszt! \ud83d\ude42<\/p>\n","protected":false},"excerpt":{"rendered":"<p>Vas\u00e1rnap egyes\u00fclet\u00fcnk idei els\u0151 k\u00f6z\u00f6s alapoz\u00f3 edz\u00e9s\u00e9t tartotta Kom\u00e1rom-G\u00fata-Kom\u00e1rom 52 km-es \u00fatvonalon. A h\u0151m\u00e9rs\u00e9klet m\u00e9g el\u00e9gg\u00e9 t\u00e9lies volt, melyhez er\u0151s sz\u00e9l is p\u00e1rosult, de szerencs\u00e9re kis\u00fct\u00f6tt a nap \u00e9s az utak sem cs\u00fasztak. Az edz\u00e9sen 8 tagunk vett r\u00e9szt, az edz\u00e9s c\u00e9lja els\u0151sorban a kilom\u00e9terek gy\u0171jt\u00e9se \u00e9s a bojban t\u00f6rt\u00e9n\u0151 ker\u00e9kp\u00e1roz\u00e1s gyakorl\u00e1sa volt. Az els\u0151 &hellip; <a href=\"https:\/\/brigetiosport.hu\/wordpress\/2017\/02\/13\/elso-kozos-edzes\/\" class=\"more-link\"><span class=\"screen-reader-text\">&#8222;Els\u0151 k\u00f6z\u00f6s edz\u00e9s&#8221;<\/span> b\u0151vebben<\/a><\/p>\n","protected":false},"author":1,"featured_media":0,"comment_status":"closed","ping_status":"closed","sticky":false,"template":"","format":"standard","meta":{"footnotes":""},"categories":[1],"tags":[],"_links":{"self":[{"href":"https:\/\/brigetiosport.hu\/wordpress\/wp-json\/wp\/v2\/posts\/137"}],"collection":[{"href":"https:\/\/brigetiosport.hu\/wordpress\/wp-json\/wp\/v2\/posts"}],"about":[{"href":"https:\/\/brigetiosport.hu\/wordpress\/wp-json\/wp\/v2\/types\/post"}],"author":[{"embeddable":true,"href":"https:\/\/brigetiosport.hu\/wordpress\/wp-json\/wp\/v2\/users\/1"}],"replies":[{"embeddable":true,"href":"https:\/\/brigetiosport.hu\/wordpress\/wp-json\/wp\/v2\/comments?post=137"}],"version-history":[{"count":1,"href":"https:\/\/brigetiosport.hu\/wordpress\/wp-json\/wp\/v2\/posts\/137\/revisions"}],"predecessor-version":[{"id":139,"href":"https:\/\/brigetiosport.hu\/wordpress\/wp-json\/wp\/v2\/posts\/137\/revisions\/139"}],"wp:attachment":[{"href":"https:\/\/brigetiosport.hu\/wordpress\/wp-json\/wp\/v2\/media?parent=137"}],"wp:term":[{"taxonomy":"category","embeddable":true,"href":"https:\/\/brigetiosport.hu\/wordpress\/wp-json\/wp\/v2\/categories?post=137"},{"taxonomy":"post_tag","embeddable":true,"href":"https:\/\/brigetiosport.hu\/wordpress\/wp-json\/wp\/v2\/tags?post=137"}],"curies":[{"name":"wp","href":"https:\/\/api.w.org\/{rel}","templated":true}]}}