{"id":1346,"date":"2019-06-12T20:39:33","date_gmt":"2019-06-12T19:39:33","guid":{"rendered":"http:\/\/brigetiosport.hu\/wordpress\/?p=1346"},"modified":"2019-06-16T20:48:14","modified_gmt":"2019-06-16T19:48:14","slug":"olaszorszagi-bringatura-beszamolo","status":"publish","type":"post","link":"https:\/\/brigetiosport.hu\/wordpress\/2019\/06\/12\/olaszorszagi-bringatura-beszamolo\/","title":{"rendered":"Olaszorsz\u00e1gi bringat\u00fara besz\u00e1mol\u00f3"},"content":{"rendered":"<p>2019 j\u00fanius 5-11. k\u00f6z\u00f6tt csapatunk egy r\u00e9sze a csod\u00e1latosan sz\u00e9p Olaszorsz\u00e1gban edz\u0151t\u00e1borozott. Az al\u00e1bbiakban Szili Ferenc \u00e9lm\u00e9nybesz\u00e1mol\u00f3ja olvashat\u00f3.<\/p>\n\n\t\t<div id='gallery-1' class='gallery galleryid-1346 gallery-columns-1 gallery-size-medium gal190612'><script type=\"text\/javascript\">\r\n\/\/ <![CDATA[\r\n\tjQuery(document).ready(function () {\r\n\t\tjQuery(\".gal190612 a\").attr(\"rel\",\"gal190612\");\t\r\n\t\tjQuery('a[rel=\"gal190612\"]').colorbox({maxWidth:\"95%\", maxHeight:\"95%\",title: function(){ return jQuery(this).children().attr(\"alt\"); }});\r\n\t});\r\n\/\/ ]]>\r\n<\/script>\n<figure class=\"gallery-item\">\n<div class=\"gallery-icon\">\r\n<a href=\"https:\/\/brigetiosport.hu\/wordpress\/wp-content\/uploads\/2019\/06\/2019olasztura_001.jpg\" title=\"\" rel=\"gal190612\"><img loading=\"lazy\" decoding=\"async\" src=\"https:\/\/brigetiosport.hu\/wordpress\/wp-content\/uploads\/2019\/06\/2019olasztura_001-300x225.jpg\" width=\"300\" height=\"225\" alt=\"\" \/><\/a>\r\n<\/div><\/figure><figure class=\"gallery-item\">\n<div class=\"gallery-icon\">\r\n<a href=\"https:\/\/brigetiosport.hu\/wordpress\/wp-content\/uploads\/2019\/06\/2019olasztura_002.jpg\" title=\"\" rel=\"gal190612\"><img loading=\"lazy\" decoding=\"async\" src=\"https:\/\/brigetiosport.hu\/wordpress\/wp-content\/uploads\/2019\/06\/2019olasztura_002-300x216.jpg\" width=\"300\" height=\"216\" alt=\"\" \/><\/a>\r\n<\/div><\/figure><figure class=\"gallery-item\">\n<div class=\"gallery-icon\">\r\n<a href=\"https:\/\/brigetiosport.hu\/wordpress\/wp-content\/uploads\/2019\/06\/2019olasztura_003.jpg\" title=\"\" rel=\"gal190612\"><img loading=\"lazy\" decoding=\"async\" src=\"https:\/\/brigetiosport.hu\/wordpress\/wp-content\/uploads\/2019\/06\/2019olasztura_003-300x300.jpg\" width=\"300\" height=\"300\" alt=\"\" \/><\/a>\r\n<\/div><\/figure><figure class=\"gallery-item\">\n<div class=\"gallery-icon\">\r\n<a href=\"https:\/\/brigetiosport.hu\/wordpress\/wp-content\/uploads\/2019\/06\/2019olasztura_004.jpg\" title=\"\" rel=\"gal190612\"><img loading=\"lazy\" decoding=\"async\" src=\"https:\/\/brigetiosport.hu\/wordpress\/wp-content\/uploads\/2019\/06\/2019olasztura_004-300x225.jpg\" width=\"300\" height=\"225\" alt=\"\" \/><\/a>\r\n<\/div><\/figure><figure class=\"gallery-item\">\n<div class=\"gallery-icon\">\r\n<a href=\"https:\/\/brigetiosport.hu\/wordpress\/wp-content\/uploads\/2019\/06\/2019olasztura_005.jpg\" title=\"\" rel=\"gal190612\"><img loading=\"lazy\" decoding=\"async\" src=\"https:\/\/brigetiosport.hu\/wordpress\/wp-content\/uploads\/2019\/06\/2019olasztura_005-300x225.jpg\" width=\"300\" height=\"225\" alt=\"\" \/><\/a>\r\n<\/div><\/figure><figure class=\"gallery-item\">\n<div class=\"gallery-icon\">\r\n<a href=\"https:\/\/brigetiosport.hu\/wordpress\/wp-content\/uploads\/2019\/06\/2019olasztura_006.jpg\" title=\"\" rel=\"gal190612\"><img loading=\"lazy\" decoding=\"async\" src=\"https:\/\/brigetiosport.hu\/wordpress\/wp-content\/uploads\/2019\/06\/2019olasztura_006-300x225.jpg\" width=\"300\" height=\"225\" alt=\"\" \/><\/a>\r\n<\/div><\/figure><figure class=\"gallery-item\">\n<div class=\"gallery-icon\">\r\n<a href=\"https:\/\/brigetiosport.hu\/wordpress\/wp-content\/uploads\/2019\/06\/2019olasztura_007.jpg\" title=\"\" rel=\"gal190612\"><img loading=\"lazy\" decoding=\"async\" src=\"https:\/\/brigetiosport.hu\/wordpress\/wp-content\/uploads\/2019\/06\/2019olasztura_007-300x225.jpg\" width=\"300\" height=\"225\" alt=\"\" \/><\/a>\r\n<\/div><\/figure><figure class=\"gallery-item\">\n<div class=\"gallery-icon\">\r\n<a href=\"https:\/\/brigetiosport.hu\/wordpress\/wp-content\/uploads\/2019\/06\/2019olasztura_008.jpg\" title=\"\" rel=\"gal190612\"><img loading=\"lazy\" decoding=\"async\" src=\"https:\/\/brigetiosport.hu\/wordpress\/wp-content\/uploads\/2019\/06\/2019olasztura_008-300x225.jpg\" width=\"300\" height=\"225\" alt=\"\" \/><\/a>\r\n<\/div><\/figure><figure class=\"gallery-item\">\n<div class=\"gallery-icon\">\r\n<a href=\"https:\/\/brigetiosport.hu\/wordpress\/wp-content\/uploads\/2019\/06\/2019olasztura_009.jpg\" title=\"\" rel=\"gal190612\"><img loading=\"lazy\" decoding=\"async\" src=\"https:\/\/brigetiosport.hu\/wordpress\/wp-content\/uploads\/2019\/06\/2019olasztura_009-223x300.jpg\" width=\"223\" height=\"300\" alt=\"\" \/><\/a>\r\n<\/div><\/figure><figure class=\"gallery-item\">\n<div class=\"gallery-icon\">\r\n<a href=\"https:\/\/brigetiosport.hu\/wordpress\/wp-content\/uploads\/2019\/06\/2019olasztura_010.jpg\" title=\"\" rel=\"gal190612\"><img loading=\"lazy\" decoding=\"async\" src=\"https:\/\/brigetiosport.hu\/wordpress\/wp-content\/uploads\/2019\/06\/2019olasztura_010-300x225.jpg\" width=\"300\" height=\"225\" alt=\"\" \/><\/a>\r\n<\/div><\/figure><figure class=\"gallery-item\">\n<div class=\"gallery-icon\">\r\n<a href=\"https:\/\/brigetiosport.hu\/wordpress\/wp-content\/uploads\/2019\/06\/2019olasztura_011.jpg\" title=\"\" rel=\"gal190612\"><img loading=\"lazy\" decoding=\"async\" src=\"https:\/\/brigetiosport.hu\/wordpress\/wp-content\/uploads\/2019\/06\/2019olasztura_011-223x300.jpg\" width=\"223\" height=\"300\" alt=\"\" \/><\/a>\r\n<\/div><\/figure><figure class=\"gallery-item\">\n<div class=\"gallery-icon\">\r\n<a href=\"https:\/\/brigetiosport.hu\/wordpress\/wp-content\/uploads\/2019\/06\/2019olasztura_012.jpg\" title=\"\" rel=\"gal190612\"><img loading=\"lazy\" decoding=\"async\" src=\"https:\/\/brigetiosport.hu\/wordpress\/wp-content\/uploads\/2019\/06\/2019olasztura_012-300x225.jpg\" width=\"300\" height=\"225\" alt=\"\" \/><\/a>\r\n<\/div><\/figure><figure class=\"gallery-item\">\n<div class=\"gallery-icon\">\r\n<a href=\"https:\/\/brigetiosport.hu\/wordpress\/wp-content\/uploads\/2019\/06\/2019olasztura_013.jpg\" title=\"\" rel=\"gal190612\"><img loading=\"lazy\" decoding=\"async\" src=\"https:\/\/brigetiosport.hu\/wordpress\/wp-content\/uploads\/2019\/06\/2019olasztura_013-300x225.jpg\" width=\"300\" height=\"225\" alt=\"\" \/><\/a>\r\n<\/div><\/figure><figure class=\"gallery-item\">\n<div class=\"gallery-icon\">\r\n<a href=\"https:\/\/brigetiosport.hu\/wordpress\/wp-content\/uploads\/2019\/06\/2019olasztura_014.jpg\" title=\"\" rel=\"gal190612\"><img loading=\"lazy\" decoding=\"async\" src=\"https:\/\/brigetiosport.hu\/wordpress\/wp-content\/uploads\/2019\/06\/2019olasztura_014-225x300.jpg\" width=\"225\" height=\"300\" alt=\"\" \/><\/a>\r\n<\/div><\/figure><figure class=\"gallery-item\">\n<div class=\"gallery-icon\">\r\n<a href=\"https:\/\/brigetiosport.hu\/wordpress\/wp-content\/uploads\/2019\/06\/2019olasztura_015.jpg\" title=\"\" rel=\"gal190612\"><img loading=\"lazy\" decoding=\"async\" src=\"https:\/\/brigetiosport.hu\/wordpress\/wp-content\/uploads\/2019\/06\/2019olasztura_015-300x225.jpg\" width=\"300\" height=\"225\" alt=\"\" \/><\/a>\r\n<\/div><\/figure><figure class=\"gallery-item\">\n<div class=\"gallery-icon\">\r\n<a href=\"https:\/\/brigetiosport.hu\/wordpress\/wp-content\/uploads\/2019\/06\/2019olasztura_016.jpg\" title=\"\" rel=\"gal190612\"><img loading=\"lazy\" decoding=\"async\" src=\"https:\/\/brigetiosport.hu\/wordpress\/wp-content\/uploads\/2019\/06\/2019olasztura_016-300x224.jpg\" width=\"300\" height=\"224\" alt=\"\" \/><\/a>\r\n<\/div><\/figure><figure class=\"gallery-item\">\n<div class=\"gallery-icon\">\r\n<a href=\"https:\/\/brigetiosport.hu\/wordpress\/wp-content\/uploads\/2019\/06\/2019olasztura_017.jpg\" title=\"\" rel=\"gal190612\"><img loading=\"lazy\" decoding=\"async\" src=\"https:\/\/brigetiosport.hu\/wordpress\/wp-content\/uploads\/2019\/06\/2019olasztura_017-300x225.jpg\" width=\"300\" height=\"225\" alt=\"\" \/><\/a>\r\n<\/div><\/figure><figure class=\"gallery-item\">\n<div class=\"gallery-icon\">\r\n<a href=\"https:\/\/brigetiosport.hu\/wordpress\/wp-content\/uploads\/2019\/06\/2019olasztura_018.jpg\" title=\"\" rel=\"gal190612\"><img loading=\"lazy\" decoding=\"async\" src=\"https:\/\/brigetiosport.hu\/wordpress\/wp-content\/uploads\/2019\/06\/2019olasztura_018-300x168.jpg\" width=\"300\" height=\"168\" alt=\"\" \/><\/a>\r\n<\/div><\/figure><figure class=\"gallery-item\">\n<div class=\"gallery-icon\">\r\n<a href=\"https:\/\/brigetiosport.hu\/wordpress\/wp-content\/uploads\/2019\/06\/2019olasztura_019.jpg\" title=\"\" rel=\"gal190612\"><img loading=\"lazy\" decoding=\"async\" src=\"https:\/\/brigetiosport.hu\/wordpress\/wp-content\/uploads\/2019\/06\/2019olasztura_019-300x225.jpg\" width=\"300\" height=\"225\" alt=\"\" \/><\/a>\r\n<\/div><\/figure>\r\n\t\t<\/div>\n\n<p>\u00d6ten vett\u00fcnk r\u00e9szt egy fantasztikus edz\u0151t\u00e1borban. Ag\u00f3cs G\u00e1bor, Skuba \u00c1kos, Csere Lajos, Nagy S\u00e1ndor \u00e9s Szili Ferenc. Sajnos technikai probl\u00e9m\u00e1k ad\u00f3dtak Viktor Niro bar\u00e1tunknak, ez\u00e9rt nem tudott elj\u00f6nni. Ez\u00faton is szeretn\u00e9m neki megk\u00f6sz\u00f6nni az utak tervez\u00e9s\u00e9t. Mindegyik egyt\u0151l-egyig remek volt \u00e9s sehol nem t\u00e9vedt\u00fcnk el.<br \/>\n5-\u00e9n utaztunk, j\u00f3l felpakolt kisbuszunkkal. Az \u00fat el\u0151tt mindent megbesz\u00e9lt\u00fcnk \u00e9s megszervezt\u00fcnk, mindenki a v\u00e1llalt szersz\u00e1mokat, p\u00f3talkatr\u00e9szeket, kaj\u00e1t, alapanyagokat stb. hozta mag\u00e1val. Az \u00fat z\u00f6kken\u0151mentes volt, de el\u00e9g hossz\u00fa \u00e9s \u00fagy d\u00f6nt\u00f6tt\u00fcnk, hogy aznap m\u00e1r nem \u00fcl\u00fcnk k\u00e9tkerek\u0171re. Egy kellemes vacsor\u00e1val z\u00e1rtuk a napot Marlengoban ahol az els\u0151 sz\u00e1ll\u00e1sunk volt. A sz\u00e1ll\u00e1s nagyon ig\u00e9nyesen felszerelt \u00e9s berendezett apartmanban volt. Mindig \u00f6r\u00f6m volt visszat\u00e9rni az enyhe 16 %-os utols\u00f3 sz\u00e1z m\u00e9teren.<\/p>\n<p><!--more--><\/p>\n<p>J\u00fanius 6 &#8211; Senalesbe tekert\u00fcnk fel egy t\u00f3hoz 69 km \u00e9s 1443 m\u00e9ter szint. A t\u00f3 gy\u00f6ny\u00f6r\u0171 volt, j\u00f3 id\u0151nk volt, az 1742 m\u00e9ter magasan l\u00e9v\u0151 t\u00f3 ut\u00e1n kis id\u0151re az\u00e9rt el\u0151ker\u00fcltek a sz\u00e9lmell\u00e9nyek, decsak a lejt\u0151z\u00e9shez kellett.<\/p>\n<p><a href=\"https:\/\/l.facebook.com\/l.php?u=https%3A%2F%2Fwww.relive.cc%2Fview%2F2428138643%3Ffbclid%3DIwAR1u-EHVtS-bK-ewIGxmirQSdyIcZhJtRI5tuXxwxTdS4FmKmWLFc4WUkjs&amp;h=AT0FOagZJMyAPiAmBQWRjbAFRqKE15_-KaU2T0yGhTu9_VYZSCPoiSYH50Xn1ChvEU9RZh4RAeJJAAjiqcfo-Hm-Hz0LTb5KCo7wQJ4KhiarvjwQkJH1gJ2GUcOP0aQELs3qSMDuZ2dj75E2gMpyEbjt_KggHXgzdoOjFJ99YXyclMvJsZ283KJhyAB54dDdejfd6r1rWYK-MIMkLdGXdDc7rI2SbbI4HmtLxWC5xfEdIMVXHVN9oFksPiRFkSbh3s71cmitNXWAMsenwfEShcDyBk0S51IeOmJ_RbcmZRiYsiC8eRSS3AKZyRtB7OtMKengzbxoGpDHfmRAFur0GIiimNVj9o0aIcu3dWDyOCBG8k8HeihMuIB1sdACrLrWiw49qoZUJHwmWpUSUPLIc6xnLt9KYwtV4KVYWtciCecxhChLvoeugRj03uBGCJThZ45DbSjJ7UIao_5jwXGLsR7-e9AiQnVxdaowXa12PZcV-0scT8DZC8dinnYh0x486AasVdHsrPzu_WcNF-Es-PGo2O5VzKDZKzrHgqe0304yyyipEEl3pjnjhIAVjuQdSf2yQSymH9HItGbFrBAX6XR_QdZx5O7-U5NRUSIqQR2nr671ZOyqaHjBzfw2fC7Zsv7WxA\" target=\"_blank\" rel=\"nofollow noopener noreferrer\" data-ft=\"{&quot;tn&quot;:&quot;-U&quot;}\" data-lynx-mode=\"async\">https:\/\/www.relive.cc\/view\/2428138643<\/a><\/p>\n<p>Visszat\u00e9rt\u00fcnk a sz\u00e1ll\u00e1sra, gyors egyeztet\u00e9s ut\u00e1n \u00fajrat\u00f6lt\u00f6tt\u00fck a kulacsokat \u00e9s elment\u00fcnk Bolzenbe 68 km \u00e9s 319 m\u00e9ter szint. Ide csak n\u00e9gyen, mert Ag\u00f3cs Gabi mag\u00e1t fel\u00e1ldozva f\u0151z\u00f6tt nek\u00fcnk vacsor\u00e1t egy remek guly\u00e1slevessel v\u00e1rt minket haza.<\/p>\n<p><a href=\"https:\/\/l.facebook.com\/l.php?u=https%3A%2F%2Fwww.relive.cc%2Fview%2F2428610021%3Ffbclid%3DIwAR3XO7ElfvIlq7VigplCLJ-WdGR-Xg3UdJeaPI3IyCLc8Wt-z94v4rdhmcw&amp;h=AT0HaQzOmicfEVuN9ydYW7MWqBoLiQVLl4zw2_MsG9QD42UDtiiidBcBFDX0oHRLirMqeP_YjPdpaSIJ8PszN_7rUVv8ZzD08YZG2a0c48pASiYFiZq5FqVR6TDz6ZGcqJzJPFBIp1prJcgPNPMYVodhIhRVxEErbpfbs9SJyvrrKTU6shSUTk4yRfoLUtvMHY5c7auTJqqIPLaFnbiUiLQT1_Iz5mLMsgcvzzAlZW_oqdG44TG1fhffgQ4XG5FvKXCS3voZEhfMoEcQBP6XuLrRptaMIaQwlUSr11w3VS8ZFW5S7rRygLvFlc0OqIHvQL1u06U6_HZQ4wV3lxJk974U_geHelqwqt5SRe69m2qOQqkKAqxA04N6vlclrZ3O3OSxcTEebjYrFtuqsB65vEtSFrxwPF1s1m7KJSifG84y3ucD6sOffSBqbDfTSJZ3WqUWDutXq7iJm_ZSwAMVq_-mMFD7eK-ob7kiXtM2TTUd0mhSCqDWTS7jiAIQyyEITX-yjR-2GUDViSdl85w5LYAdAVCDXnz8lGjzMg52kSBeRH-Ez1AqZohoO-agQrIB4J7OoaGK5M6QIU8OvZ5LPd21tqwWgj1zOZIaQSoEYppTrUsHS0DcZQAgFCaV0gec1c5YGA\" target=\"_blank\" rel=\"nofollow noopener noreferrer\" data-ft=\"{&quot;tn&quot;:&quot;-U&quot;}\" data-lynx-mode=\"async\">https:\/\/www.relive.cc\/view\/2428610021<\/a><\/p>\n<p>J\u00fanius 7 &#8211; Stelvio 134 km \u00e9s 1907 m\u00e9ter szint. Sajnos &#8222;csak&#8221; 2157 m\u00e9terig tudtunk feltekerni, mert lavina vesz\u00e9ly miatt az \u00fat le volt z\u00e1rva Franzensh\u00f6he volt a v\u00e9g\u00e1llom\u00e1s. Ez volt a legmagasabb pontja a t\u00far\u00e1nknak a h\u00f3hat\u00e1r f\u00f6l\u00f6tt j\u00e1rtunk. Nagyon felemel\u0151 \u00e9rz\u00e9s volt ott tekerni ahol a ker\u00e9kp\u00e1rsport legnagyobb alakjai versenyeznek.<\/p>\n<p><a href=\"https:\/\/l.facebook.com\/l.php?u=https%3A%2F%2Fwww.relive.cc%2Fview%2F2431033831%3Ffbclid%3DIwAR088uT9x8nKo41wKft6iXwFi_lQ4YkPJqsTbXb9-ImGBH647EYbUYoTME8&amp;h=AT1ms2vp1EoDJGLjgcrMBS6TpVB7K0J-PrN8MfapuEIaN1hy41Us017ky3pL4gkAXs-Lk596KpJ9S-jLrK4IwaEpaXq-gMTE_5NiMY-yu-c_h6e1_vW1RjaT_vRV331nytje4vPxOsWMz_hQ8U3rSTCEyfBJ_klHQp7jZqqppyV6EbcyaQwe1YivdRi_XG9slvoulS6RO-Wq4jWx4jlPUlBzkYEIwzTbJgf1P9G5fCs_3s8jL_RcVcykV_wF-PvZXAizynGs9EZRuHkH_PoBCep79Ms7uXp1BisOSR3oAa2wF5RCtI8N1cRW-O5ugFzFlQX0z-1Pl8VppYvfO8p-KRBZ67ZCd2KU1j9n71SZ4GzQf_nOGFV0cNPy-fo0hKFrXuSYf5JzIeY2o2KohqGcWQ8ns7snc_7ZSx3dYtdSFzHUj-wy9e9lvo8lLHx1vRupfJ3JPthModldo-hcXVc7JFliwcOxVMqro_ntDF0IiPXrC645-XEniOioNQ3v6tNpmM9ZBc8siuk_PIKjYAQBSsenv7vTXxTFBc1qxlXcuyYbSSz--UJCv6wLFhhOeVn4QtFkTRqYHDq1htlOjUEPGjJRujjUkWjA0DNtiESVmSkHFUvjzzbIskG-zR2U8ivEp4L0lw\" target=\"_blank\" rel=\"nofollow noopener noreferrer\" data-ft=\"{&quot;tn&quot;:&quot;-U&quot;}\" data-lynx-mode=\"async\">https:\/\/www.relive.cc\/view\/2431033831<\/a><\/p>\n<p>J\u00fanius 8 &#8211; Lago di Calrado 103 km \u00e9s 1052 m\u00e9ter szint. Els\u0151 60 km s\u00edkon, t\u00e9szta-party \u00e9s pihen\u0151 a Calrado t\u00f3n\u00e1l, majd k\u00e9t kisebb hegy megm\u00e1sz\u00e1sa visszafel\u00e9 az utols\u00f3 emelked\u0151 16% \u00e1tlag 2 km-en! Persze ut\u00e1na \u00f6r\u00f6mteli lejt\u0151z\u00e9s.<\/p>\n<p><a href=\"https:\/\/l.facebook.com\/l.php?u=https%3A%2F%2Fwww.relive.cc%2Fview%2F2433592913%3Ffbclid%3DIwAR0HEzFQOSdDXPwtw_AhW47vRKi1g6Jrby8jTldlEU2szF4LSfjJzpReVtQ&amp;h=AT2XxiY1m-jywJwTS_xCgPaxM5aQHe5TQj0NPItcubAe5KyqzVPMzw7rojbwcyIkBYL2xZ16xBet7nJyKYBnG88D4lvOJXi2GaUlBvHTLLz3uh_GPg2J7oSbd5uWnfKiawZM6SzCaAS0_8bz8ZIot4J47HVl8SrXqDcyN-NMoHU4UUEt47gO1aIAec9C_RZL4vlt59iaEzzHd78_6fahyT3pIpNU-g78WR3aXTxT7YwtqyFs8IP0qxRL4Aiair5zFomwtppBlW7jJnV6cwHyi9mIXOgg09NDhYLsYLGY3WYknAD5bOAY1QzXiJMqYLAU0OU5E5faDV6Rt0-CopvFevBmquIRKKx4aDVliw7v2Jx2bzea6oaPujG3RX01QEMIhEyZqNroIaqd6lVg5i3ZNlnaZmrwNhPqM56_lQqlWaRn7fPX4bbAspv28eO0BC2yiuMpo4mSAYLNwI70D2Jqo8vDu9bAlH9qWdQngGCcHCpAbgAY12DBC-g2Ykz5J_-vxN-e-TFnk4PFc4AJ3B40SVYNiCH2FDSbTRvbgpUOzqfFkIZ0XXB6iBfSKQyUGVIqLx6oUQix-m22GEvl3BshT-XZf6xR-R7HBuSRUbfwFyOLlrchHtHprJdkAHjvd-FJ2Va05g\" target=\"_blank\" rel=\"nofollow noopener noreferrer\" data-ft=\"{&quot;tn&quot;:&quot;-U&quot;}\" data-lynx-mode=\"async\">https:\/\/www.relive.cc\/view\/2433592913<\/a><\/p>\n<p>J\u00fanius 9 &#8211; D\u00e9lel\u0151tt 10-kor elfoglaltuk \u00faj sz\u00e1ll\u00e1shely\u00fcnket a Garda t\u00f3 partj\u00e1n Peschiera del Garda v\u00e1rosk\u00e1ban.<br \/>\nA ker\u00e9kp\u00e1rok kipakol\u00e1sa \u00e9s gyors ellen\u0151rz\u00e9se ut\u00e1n elgurultunk Veron\u00e1ba 76 km \u00e9s 441 m\u00e9ter szint. Kisebb v\u00e1rosn\u00e9z\u00e9sbe belef\u00e9rt a J\u00falia erk\u00e9ly \u00e9s az Amfite\u00e1trum megn\u00e9z\u00e9se. Este Peschiera t\u00f6rt\u00e9nelmi v\u00e1rosnegyed\u00e9ben voltunk, ahol sokkal jobban pezsgett az \u00e9jszakai \u00e9let a hegyekhez k\u00e9pest.<\/p>\n<p><a href=\"https:\/\/l.facebook.com\/l.php?u=https%3A%2F%2Fwww.relive.cc%2Fview%2F2437223337%3Ffbclid%3DIwAR0AHcZ-WM5jMPSE3T3BfdLTRvwBUmf-oxggGe3BuTH4oxN21Qttsdf1IWw&amp;h=AT0WtTZwke1x3rUbB43kU98ej4WDr-_PJNw4LxGB4zq-6K13viGgQoq0_V3qFv4TIkXDRE8Z0FxBLWI__7vid9vOvFTHLNVlIJ6lQNLHtEts_y8kj4yFC9_oR3KYNc4_3Uh82ZV4u4QPchZgMF93xYBUhX1l6-rvT9WKwSFJwmF0mdeJYGUPEZZnpeNlyeqRkDEhpsP48RbmhMz3eyPjJbQkpHryu4KUKOJ_nt6OWY_ITz38t6O3tQ3tXhVTc7czc51kqDmRx3tnc1Y1YpYjznz5Ob7OYy-AibuillHFkGFJqV495Pv_1NmH9Z-yikusbCJap0fFGAJGMsjpGH9NPLsOuPACfhxOQkIaU7zaZWEppOuIdHcgnfSHQmdapPYJCZwLJZQYBmeOwYfpDTqwUjGHvjVfF4wUk4-NmbDpTC1Rp34STEORjAUJV75C99Ro-XTxD_4m0hoWEqnyb0kG8TAV5fmCKnX1LPVNRvhzldE05ND8R2M3B2nAXXdSpxmD8n905vl9BGRDTNqmUiCRFdDhSpuiNhU0kllpcGQy5tRqBt_W-dMzHW8Q-3nMHq_wJsErMLe0I7b1os9TkidjI6bKXDx-NFghiN0W-Lttmt6gV0Avi36LCqgHhVwk2uJYlcKPtA\" target=\"_blank\" rel=\"nofollow noopener noreferrer\" data-ft=\"{&quot;tn&quot;:&quot;-U&quot;}\" data-lynx-mode=\"async\">https:\/\/www.relive.cc\/view\/2437223337<\/a><\/p>\n<p>J\u00fanius 10 &#8211; Garda t\u00f3 ker\u00fcl\u00e9s 147 km \u00e9s 773 m\u00e9ter szint. Szesz\u00e9lyes id\u0151j\u00e1r\u00e1s, reggel kisebb es\u0151, majd magas p\u00e1ratartalom. Az \u00e9szaki parton Torbol\u00e9ben eb\u00e9delt\u00fcnk, itt igazi k\u00e1nikula volt, majd percek alatt beborult \u00e9s sokat esett a h\u0151m\u00e9rs\u00e9klet, megint kisebb es\u0151, de szerencs\u00e9re p\u00e1r perc buszmeg\u00e1ll\u00f3z\u00e1s ut\u00e1n megint k\u00e1nikul\u00e1ban tekert\u00fcnk vissza a sz\u00e1ll\u00e1sig.<\/p>\n<p><a href=\"https:\/\/l.facebook.com\/l.php?u=https%3A%2F%2Fwww.relive.cc%2Fview%2F2439360730%3Ffbclid%3DIwAR1mYaqtwiDIOw630Rr1krAyg4DGAwANd13EbldpWf50I6EElpRKpswDsYo&amp;h=AT1ssLqV_0bB8tnRQqwm_A9cbPMN0iWbxphG4FuSwHiTV_cftOrcsEoFRwmkT7Ib4Q8nQfzl5AyqnNRFCNdmVoqs-t76I-A8myFs8a7sFEnseDJ5EN_YeII84o7FpyxtvMWXJS2ViZgRSxEGe9PL2J3tEbVN7ExgZcHUD3wZ9g4e6wGAdjH4bPI6AUNpmt5JnvqVkEtZhM2uWpPPh8FRtjQ2M7fzM_OoIjtWUxwCNS1v4nrezChawcKcYavS58UAfpCorU-Bh1QiC7krr-_O6rJfB6_Fve19T9ozXVoYC2lj3U1CNd1WFj4QY_n3IyOaZNb2PvEgjBemsjSGmSd-K3I1bs4cOe9rvPHyBXC05ZaX2qGIdAFFzwyZhVCQdMHGz7poHpCEAsGiJY9t194JFkwbgelONRKzQ_f4PfLc8FLYFnIae6quPk-j_i9Oyh4AUhke8v8u9qea8S5Ob-yQUUMthFiFS3aRMe0reaG_y4qHggIiLyacKTsXSvqmXnjewU0TCraszTCYbgli-l-GuSpPLCmR__W89BWqGz_Kr2FLyXAq8TLU_qR2H5Z7Lvf_wO8RDcMcEYCeiqf1k0tstbJCPSf6siRGqhuQL9uOxKbpH2EETh-H7_Tfa6lMBTXOLtdtEg\" target=\"_blank\" rel=\"nofollow noopener noreferrer\" data-ft=\"{&quot;tn&quot;:&quot;-U&quot;}\" data-lynx-mode=\"async\">https:\/\/www.relive.cc\/view\/2439360730<\/a><\/p>\n<p>Szerencs\u00e9nk volt az id\u0151j\u00e1r\u00e1ssal, \u00e9s egyetlen defekttel meg\u00fasztuk a 600 km teker\u00e9st az 5 nap alatt. \u00d6r\u00fcl\u00f6k, hogy r\u00e9szt vettem \u00e9s annak m\u00e9g jobban, hogy kicsit jobban megismerhettem a csapatb\u00f3l 4 tagot.<\/p>\n","protected":false},"excerpt":{"rendered":"<p>2019 j\u00fanius 5-11. k\u00f6z\u00f6tt csapatunk egy r\u00e9sze a csod\u00e1latosan sz\u00e9p Olaszorsz\u00e1gban edz\u0151t\u00e1borozott. Az al\u00e1bbiakban Szili Ferenc \u00e9lm\u00e9nybesz\u00e1mol\u00f3ja olvashat\u00f3. \u00d6ten vett\u00fcnk r\u00e9szt egy fantasztikus edz\u0151t\u00e1borban. Ag\u00f3cs G\u00e1bor, Skuba \u00c1kos, Csere Lajos, Nagy S\u00e1ndor \u00e9s Szili Ferenc. Sajnos technikai probl\u00e9m\u00e1k ad\u00f3dtak Viktor Niro bar\u00e1tunknak, ez\u00e9rt nem tudott elj\u00f6nni. Ez\u00faton is szeretn\u00e9m neki megk\u00f6sz\u00f6nni az utak tervez\u00e9s\u00e9t. Mindegyik &hellip; <a href=\"https:\/\/brigetiosport.hu\/wordpress\/2019\/06\/12\/olaszorszagi-bringatura-beszamolo\/\" class=\"more-link\"><span class=\"screen-reader-text\">&#8222;Olaszorsz\u00e1gi bringat\u00fara besz\u00e1mol\u00f3&#8221;<\/span> b\u0151vebben<\/a><\/p>\n","protected":false},"author":1,"featured_media":0,"comment_status":"closed","ping_status":"closed","sticky":false,"template":"","format":"standard","meta":{"footnotes":""},"categories":[10],"tags":[],"_links":{"self":[{"href":"https:\/\/brigetiosport.hu\/wordpress\/wp-json\/wp\/v2\/posts\/1346"}],"collection":[{"href":"https:\/\/brigetiosport.hu\/wordpress\/wp-json\/wp\/v2\/posts"}],"about":[{"href":"https:\/\/brigetiosport.hu\/wordpress\/wp-json\/wp\/v2\/types\/post"}],"author":[{"embeddable":true,"href":"https:\/\/brigetiosport.hu\/wordpress\/wp-json\/wp\/v2\/users\/1"}],"replies":[{"embeddable":true,"href":"https:\/\/brigetiosport.hu\/wordpress\/wp-json\/wp\/v2\/comments?post=1346"}],"version-history":[{"count":5,"href":"https:\/\/brigetiosport.hu\/wordpress\/wp-json\/wp\/v2\/posts\/1346\/revisions"}],"predecessor-version":[{"id":1367,"href":"https:\/\/brigetiosport.hu\/wordpress\/wp-json\/wp\/v2\/posts\/1346\/revisions\/1367"}],"wp:attachment":[{"href":"https:\/\/brigetiosport.hu\/wordpress\/wp-json\/wp\/v2\/media?parent=1346"}],"wp:term":[{"taxonomy":"category","embeddable":true,"href":"https:\/\/brigetiosport.hu\/wordpress\/wp-json\/wp\/v2\/categories?post=1346"},{"taxonomy":"post_tag","embeddable":true,"href":"https:\/\/brigetiosport.hu\/wordpress\/wp-json\/wp\/v2\/tags?post=1346"}],"curies":[{"name":"wp","href":"https:\/\/api.w.org\/{rel}","templated":true}]}}