{"id":1327,"date":"2019-04-13T16:34:55","date_gmt":"2019-04-13T15:34:55","guid":{"rendered":"http:\/\/brigetiosport.hu\/wordpress\/?p=1327"},"modified":"2019-06-06T14:22:16","modified_gmt":"2019-06-06T13:22:16","slug":"v-brigetio-maraton-eredmenyek","status":"publish","type":"post","link":"https:\/\/brigetiosport.hu\/wordpress\/2019\/04\/13\/v-brigetio-maraton-eredmenyek\/","title":{"rendered":"Ferenczi Bal\u00e1zs toronymagasan nyerte az V. Brigetio MTB Maratont!"},"content":{"rendered":"<p>&nbsp;<\/p>\n<p>&nbsp;<\/p>\n<p style=\"text-align: center;\">\u00c1prilis 13-\u00e1n, imm\u00e1ron 5. alkalommal, meg\u00fajult helysz\u00ednen \u00e9s \u00fatvonallal rajtolt el a Brigetio MTB Maraton! A verseny k\u00f6zpontja a dunaalm\u00e1si focip\u00e1lya volt, a 36 km-es versenyt\u00e1v a gy\u00f6ny\u00f6r\u0171 neszm\u00e9lyi borvid\u00e9k dombs\u00e1gain haladt. V\u00e1ltozatos rajtcsomaggal k\u00e9sz\u00fclt\u00fcnk a versenyz\u0151knek, amely egyes\u00fclet\u00fcnk kulacs\u00e1t, 1 db SiS energia szeletet tartalmazott a <a class=\"profileLink\" href=\"https:\/\/www.facebook.com\/nutridepowebaruhaz\/?__tn__=K-R&amp;eid=ARC24mYm2V8r2us-qn-Negk1sXLXLCT3emjt-KddfGHPsgxh9OJwvlJ_i_GljMnzzr8W_crghcgHaajz&amp;fref=mentions&amp;__xts__%5B0%5D=68.ARD6u_3QbtF6Qdi7qUw9F16WWwSOTnQERVcad87NxG4oAPEHrBAn539udNdRAYJRVDXZ4waF5NlLOi0FP78B2T3vVsRY4HFl4_AAvQTsUzgby_PDMJcu1hcJtSMNv75XCx8bagPH8BeMYKfb_zKmJj5JhY8LRjJjYbjgHI32qUCc212Q-XoHMLQd5hEnFh4Y1BHCNX4EcT-y9t7woz18jnUzVEz9kUg1NpTKsoGkGL4fMV_6Widvb1a6vgOxJsyYoWzPc0iQaoECI_mucM3npraRO_VXKf8vXepbAYmBaJqnUTcv7H5YSva7SQkDeKitrNqznQsqkPZ89EtYOpXnAhAwhw\" data-hovercard=\"\/ajax\/hovercard\/page.php?id=1825764270999708&amp;extragetparams=%7B%22__tn__%22%3A%22%2CdK-R-R%22%2C%22eid%22%3A%22ARC24mYm2V8r2us-qn-Negk1sXLXLCT3emjt-KddfGHPsgxh9OJwvlJ_i_GljMnzzr8W_crghcgHaajz%22%2C%22fref%22%3A%22mentions%22%7D\" data-hovercard-prefer-more-content-show=\"1\">NutriDep\u00f3, a bajnokok ell\u00e1t\u00f3ja<\/a> j\u00f3volt\u00e1b\u00f3l, tov\u00e1bb\u00e1 a rajtsz\u00e1mmal sz\u00e1mos kedvezm\u00e9nyt lehetett ig\u00e9nybe venni, p\u00e9ld\u00e1ul 50 % kedvezm\u00e9n<span class=\"text_exposed_show\">nyel lehetett pizz\u00e1zni a <a class=\"profileLink\" href=\"https:\/\/www.facebook.com\/bossco.pizzeria\/?__tn__=K-R&amp;eid=ARALcn3JG1jzYiT3F2kBQuuNpwICtokSu-cXZj2vlbYHqD6sDagnKzngvFk4v4H-p9uTOvaM__2qsk9s&amp;fref=mentions&amp;__xts__%5B0%5D=68.ARD6u_3QbtF6Qdi7qUw9F16WWwSOTnQERVcad87NxG4oAPEHrBAn539udNdRAYJRVDXZ4waF5NlLOi0FP78B2T3vVsRY4HFl4_AAvQTsUzgby_PDMJcu1hcJtSMNv75XCx8bagPH8BeMYKfb_zKmJj5JhY8LRjJjYbjgHI32qUCc212Q-XoHMLQd5hEnFh4Y1BHCNX4EcT-y9t7woz18jnUzVEz9kUg1NpTKsoGkGL4fMV_6Widvb1a6vgOxJsyYoWzPc0iQaoECI_mucM3npraRO_VXKf8vXepbAYmBaJqnUTcv7H5YSva7SQkDeKitrNqznQsqkPZ89EtYOpXnAhAwhw\" data-hovercard=\"\/ajax\/hovercard\/page.php?id=503225403159290&amp;extragetparams=%7B%22__tn__%22%3A%22%2CdK-R-R%22%2C%22eid%22%3A%22ARALcn3JG1jzYiT3F2kBQuuNpwICtokSu-cXZj2vlbYHqD6sDagnKzngvFk4v4H-p9uTOvaM__2qsk9s%22%2C%22fref%22%3A%22mentions%22%7D\" data-hovercard-prefer-more-content-show=\"1\">Boss-co Pizz\u00e9ria<\/a>-ban.<\/span><\/p>\n<figure id=\"attachment_1336\" aria-describedby=\"caption-attachment-1336\" style=\"width: 524px\" class=\"wp-caption aligncenter\"><img loading=\"lazy\" decoding=\"async\" class=\"wp-image-1336\" src=\"https:\/\/brigetiosport.hu\/wordpress\/wp-content\/uploads\/2019\/04\/57090174_1952504934861405_6940952314689617920_o-1024x683.jpg\" alt=\"\" width=\"524\" height=\"349\" srcset=\"https:\/\/brigetiosport.hu\/wordpress\/wp-content\/uploads\/2019\/04\/57090174_1952504934861405_6940952314689617920_o-1024x683.jpg 1024w, https:\/\/brigetiosport.hu\/wordpress\/wp-content\/uploads\/2019\/04\/57090174_1952504934861405_6940952314689617920_o-300x200.jpg 300w, https:\/\/brigetiosport.hu\/wordpress\/wp-content\/uploads\/2019\/04\/57090174_1952504934861405_6940952314689617920_o-768x512.jpg 768w, https:\/\/brigetiosport.hu\/wordpress\/wp-content\/uploads\/2019\/04\/57090174_1952504934861405_6940952314689617920_o-1200x800.jpg 1200w, https:\/\/brigetiosport.hu\/wordpress\/wp-content\/uploads\/2019\/04\/57090174_1952504934861405_6940952314689617920_o.jpg 1777w\" sizes=\"(max-width: 524px) 85vw, 524px\" \/><figcaption id=\"caption-attachment-1336\" class=\"wp-caption-text\">Lass\u00fa rajt 10 \u00f3rakor, 6 fok, gyenge es\u0151z\u00e9s<\/figcaption><\/figure>\n<p style=\"text-align: center;\"><span class=\"text_exposed_show\">A versenyz\u0151k pontban 10 \u00f3rakor 6 fokos hidegben, gyenge es\u0151z\u00e9s mellett v\u00e1gtak neki a 800 m\u00e9ter szintemelked\u00e9st tartalmaz\u00f3 versenyt\u00e1vnak. Az 1,8 km-es lass\u00fa rajtot k\u00f6vet\u0151en k\u00f6vetkezett az \u00e9les rajt, amely ut\u00e1n hamar darabjaira szakadt a mez\u0151ny.\u00a0<\/span><span class=\"text_exposed_show\"><br \/>\n<\/span><\/p>\n<figure id=\"attachment_1337\" aria-describedby=\"caption-attachment-1337\" style=\"width: 293px\" class=\"wp-caption alignleft\"><img loading=\"lazy\" decoding=\"async\" class=\"wp-image-1337\" src=\"https:\/\/brigetiosport.hu\/wordpress\/wp-content\/uploads\/2019\/04\/57079819_1952507128194519_4606843378376638464_n.jpg\" alt=\"\" width=\"293\" height=\"440\" srcset=\"https:\/\/brigetiosport.hu\/wordpress\/wp-content\/uploads\/2019\/04\/57079819_1952507128194519_4606843378376638464_n.jpg 640w, https:\/\/brigetiosport.hu\/wordpress\/wp-content\/uploads\/2019\/04\/57079819_1952507128194519_4606843378376638464_n-200x300.jpg 200w\" sizes=\"(max-width: 293px) 85vw, 293px\" \/><figcaption id=\"caption-attachment-1337\" class=\"wp-caption-text\">Adorj\u00e1n Bence, Ferenczi Bal\u00e1zs, Cserh\u00e1ti P\u00e9ter (balr\u00f3l jobbra)<\/figcaption><\/figure>\n<p style=\"text-align: center;\"><span class=\"text_exposed_show\">A verseny els\u0151 fel\u00e9ben <a class=\"profileLink\" href=\"https:\/\/www.facebook.com\/balazs.ferenczi2?__tn__=K-R&amp;eid=ARAfaC3UWzl5UbyC_O-6m6iaKB4tyIkqCyJoXfV6h4qUCKuTvAoObvZwFLY2oB-e4fHT_146WP6xpLC1&amp;fref=mentions&amp;__xts__%5B0%5D=68.ARD6u_3QbtF6Qdi7qUw9F16WWwSOTnQERVcad87NxG4oAPEHrBAn539udNdRAYJRVDXZ4waF5NlLOi0FP78B2T3vVsRY4HFl4_AAvQTsUzgby_PDMJcu1hcJtSMNv75XCx8bagPH8BeMYKfb_zKmJj5JhY8LRjJjYbjgHI32qUCc212Q-XoHMLQd5hEnFh4Y1BHCNX4EcT-y9t7woz18jnUzVEz9kUg1NpTKsoGkGL4fMV_6Widvb1a6vgOxJsyYoWzPc0iQaoECI_mucM3npraRO_VXKf8vXepbAYmBaJqnUTcv7H5YSva7SQkDeKitrNqznQsqkPZ89EtYOpXnAhAwhw\" data-hovercard=\"\/ajax\/hovercard\/user.php?id=100000576049841&amp;extragetparams=%7B%22__tn__%22%3A%22%2CdK-R-R%22%2C%22eid%22%3A%22ARAfaC3UWzl5UbyC_O-6m6iaKB4tyIkqCyJoXfV6h4qUCKuTvAoObvZwFLY2oB-e4fHT_146WP6xpLC1%22%2C%22fref%22%3A%22mentions%22%7D\" data-hovercard-prefer-more-content-show=\"1\">Balazs Ferenczi<\/a> (HeloVelo Bike and Cafe) nagyon er\u0151s temp\u00f3t dikt\u00e1lt, Dunaszentmikl\u00f3sra \u00e9rve m\u00e1r komolyabb el\u0151nyt tudhatott mag\u00e1\u00e9nak. El\u0151ny\u00e9t a verseny v\u00e9g\u00e9ig folyamatosan n\u00f6velte, v\u00e9g\u00fcl 5 perccel a m\u00e1sodik helyen \u00e9rkez\u0151 Adorj\u00e1n Bence (Superior Team) el\u0151tt magabiztos gy\u0151zelmet aratott \u00e9s v\u00e9g\u00fcl 1:20:42-es id\u0151vel megnyerte a versenyt! A harmadik hely sors\u00e1r\u00f3l izgalmas befut\u00f3 d\u00f6nt\u00f6tt, amit v\u00e9g\u00fcl Cserh\u00e1ti P\u00e9ter (Bakony Racing Team) nyert, \u00edgy \u0151 \u00e1llhatott fel harmadikk\u00e9nt a dobog\u00f3ra!<\/span><\/p>\n<p style=\"text-align: center;\">A n\u0151k verseny\u00e9ben is magabiztos gy\u0151zelem sz\u00fcletett, <a class=\"profileLink\" href=\"https:\/\/www.facebook.com\/alexandraeva.meszaros?__tn__=K-R&amp;eid=ARCMvQdzXwbJJp_WVztzpHQl84bZjDSUPMKjrJutTNaEUz4RCo9cY_FSTCNKjErb7N8zK3-uRpfZpONM&amp;fref=mentions&amp;__xts__%5B0%5D=68.ARD6u_3QbtF6Qdi7qUw9F16WWwSOTnQERVcad87NxG4oAPEHrBAn539udNdRAYJRVDXZ4waF5NlLOi0FP78B2T3vVsRY4HFl4_AAvQTsUzgby_PDMJcu1hcJtSMNv75XCx8bagPH8BeMYKfb_zKmJj5JhY8LRjJjYbjgHI32qUCc212Q-XoHMLQd5hEnFh4Y1BHCNX4EcT-y9t7woz18jnUzVEz9kUg1NpTKsoGkGL4fMV_6Widvb1a6vgOxJsyYoWzPc0iQaoECI_mucM3npraRO_VXKf8vXepbAYmBaJqnUTcv7H5YSva7SQkDeKitrNqznQsqkPZ89EtYOpXnAhAwhw\" data-hovercard=\"\/ajax\/hovercard\/user.php?id=100002702105268&amp;extragetparams=%7B%22__tn__%22%3A%22%2CdK-R-R%22%2C%22eid%22%3A%22ARCMvQdzXwbJJp_WVztzpHQl84bZjDSUPMKjrJutTNaEUz4RCo9cY_FSTCNKjErb7N8zK3-uRpfZpONM%22%2C%22fref%22%3A%22mentions%22%7D\" data-hovercard-prefer-more-content-show=\"1\">Alexandra \u00c9va M\u00e9sz\u00e1ros<\/a> (Brigetio KSE) egyes\u00fclet\u00fcnk versenyz\u0151je t\u00f6bb mint 3 perces el\u0151nnyel els\u0151k\u00e9nt \u00e9rkezett a c\u00e9lba <a class=\"profileLink\" href=\"https:\/\/www.facebook.com\/kitti.pataky?__tn__=K-R&amp;eid=ARAsbWnXq5ucypXZpq_SZkFAf2sBNoE327PUGXcajaPxtyN1f7lO-EtbI15a8o78WAr5PdDcTBpcXkkc&amp;fref=mentions&amp;__xts__%5B0%5D=68.ARD6u_3QbtF6Qdi7qUw9F16WWwSOTnQERVcad87NxG4oAPEHrBAn539udNdRAYJRVDXZ4waF5NlLOi0FP78B2T3vVsRY4HFl4_AAvQTsUzgby_PDMJcu1hcJtSMNv75XCx8bagPH8BeMYKfb_zKmJj5JhY8LRjJjYbjgHI32qUCc212Q-XoHMLQd5hEnFh4Y1BHCNX4EcT-y9t7woz18jnUzVEz9kUg1NpTKsoGkGL4fMV_6Widvb1a6vgOxJsyYoWzPc0iQaoECI_mucM3npraRO_VXKf8vXepbAYmBaJqnUTcv7H5YSva7SQkDeKitrNqznQsqkPZ89EtYOpXnAhAwhw\" data-hovercard=\"\/ajax\/hovercard\/user.php?id=100001827412560&amp;extragetparams=%7B%22__tn__%22%3A%22%2CdK-R-R%22%2C%22eid%22%3A%22ARAsbWnXq5ucypXZpq_SZkFAf2sBNoE327PUGXcajaPxtyN1f7lO-EtbI15a8o78WAr5PdDcTBpcXkkc%22%2C%22fref%22%3A%22mentions%22%7D\" data-hovercard-prefer-more-content-show=\"1\">Kitti Pataky<\/a> el\u0151tt! A harmadik helyez\u00e9st Szlovencs\u00e1k Panna szerezte meg.<\/p>\n<div class=\"text_exposed_show\">\n<p style=\"text-align: center;\">A versenyt k\u00f6vet\u0151en Ag\u00f3cs G\u00e1bor j\u00f3volt\u00e1b\u00f3l forr\u00f3 guly\u00e1slevessel kedveskedt\u00fcnk a r\u00e9sztvev\u0151knek, akiknek j\u00f3l esett a hidegben a forr\u00f3 eb\u00e9d. A h\u00fast Nagy Lajos h\u00fasboltj\u00e1nak, a kiszolg\u00e1l\u00e1st Varga L\u00e1szl\u00f3nak k\u00f6sz\u00f6nj\u00fck. A desszertr\u0151l az Ireks Stamag gondoskodott, akik finom s\u00fctem\u00e9nyekkel k\u00e9sz\u00fcltek rendezv\u00e9ny\u00fcnkre.<\/p>\n<p style=\"text-align: center;\">Verseny\u00fcnk \u00f6t\u00f6dik alkalommal val\u00f3 megrendez\u00e9s\u00e9nek alkalm\u00e1b\u00f3l k\u00fcl\u00f6nleges, egyedi k\u00e9sz\u00edt\u00e9s\u0171 d\u00edjakkal k\u00e9sz\u00fclt\u00fcnk a helyezetteknek, az V. mot\u00edvumot megjelen\u00edtve, melyet <a class=\"profileLink\" href=\"https:\/\/www.facebook.com\/balint.herczeg.9?__tn__=K-R&amp;eid=ARAU2H_7unB9lugrxIozh0HieSBYZrsoKz5LAwhFqr2ECp7_gsFeN4Kq5avpZ3L7_XFChDsXXCAnF0Pe&amp;fref=mentions&amp;__xts__%5B0%5D=68.ARD6u_3QbtF6Qdi7qUw9F16WWwSOTnQERVcad87NxG4oAPEHrBAn539udNdRAYJRVDXZ4waF5NlLOi0FP78B2T3vVsRY4HFl4_AAvQTsUzgby_PDMJcu1hcJtSMNv75XCx8bagPH8BeMYKfb_zKmJj5JhY8LRjJjYbjgHI32qUCc212Q-XoHMLQd5hEnFh4Y1BHCNX4EcT-y9t7woz18jnUzVEz9kUg1NpTKsoGkGL4fMV_6Widvb1a6vgOxJsyYoWzPc0iQaoECI_mucM3npraRO_VXKf8vXepbAYmBaJqnUTcv7H5YSva7SQkDeKitrNqznQsqkPZ89EtYOpXnAhAwhw\" data-hovercard=\"\/ajax\/hovercard\/user.php?id=100000457223247&amp;extragetparams=%7B%22__tn__%22%3A%22%2CdK-R-R%22%2C%22eid%22%3A%22ARAU2H_7unB9lugrxIozh0HieSBYZrsoKz5LAwhFqr2ECp7_gsFeN4Kq5avpZ3L7_XFChDsXXCAnF0Pe%22%2C%22fref%22%3A%22mentions%22%7D\" data-hovercard-prefer-more-content-show=\"1\">Balint Herczeg<\/a> k\u00e9sz\u00edtett el. Egyedileg tervezett okleveleinket Lelkes L\u00e1szl\u00f3 \u00edrnok \u00edrta meg, m\u00e9g k\u00fcl\u00f6nlegesebb\u00e9 t\u00e9ve azokat. A dobog\u00f3s h\u00f6lgyeknek egy sz\u00e1l vir\u00e1ggal k\u00e9sz\u00fclt\u00fcnk Csicsatka Judit &#8211; F\u0151nix Vir\u00e1gbolt felaj\u00e1nl\u00e1s\u00e1b\u00f3l.<\/p>\n<figure id=\"attachment_1338\" aria-describedby=\"caption-attachment-1338\" style=\"width: 840px\" class=\"wp-caption aligncenter\"><img loading=\"lazy\" decoding=\"async\" class=\"wp-image-1338 size-large\" src=\"https:\/\/brigetiosport.hu\/wordpress\/wp-content\/uploads\/2019\/04\/57471960_1952505044861394_1439084210487820288_o-1024x683.jpg\" alt=\"\" width=\"840\" height=\"560\" srcset=\"https:\/\/brigetiosport.hu\/wordpress\/wp-content\/uploads\/2019\/04\/57471960_1952505044861394_1439084210487820288_o-1024x683.jpg 1024w, https:\/\/brigetiosport.hu\/wordpress\/wp-content\/uploads\/2019\/04\/57471960_1952505044861394_1439084210487820288_o-300x200.jpg 300w, https:\/\/brigetiosport.hu\/wordpress\/wp-content\/uploads\/2019\/04\/57471960_1952505044861394_1439084210487820288_o-768x512.jpg 768w, https:\/\/brigetiosport.hu\/wordpress\/wp-content\/uploads\/2019\/04\/57471960_1952505044861394_1439084210487820288_o-1200x800.jpg 1200w, https:\/\/brigetiosport.hu\/wordpress\/wp-content\/uploads\/2019\/04\/57471960_1952505044861394_1439084210487820288_o.jpg 1954w\" sizes=\"(max-width: 709px) 85vw, (max-width: 909px) 67vw, (max-width: 1362px) 62vw, 840px\" \/><figcaption id=\"caption-attachment-1338\" class=\"wp-caption-text\">egyedi k\u00e9sz\u00edt\u00e9s\u0171 d\u00edjaink az V. mot\u00edvummal<\/figcaption><\/figure>\n<p style=\"text-align: center;\">A hangos\u00edt\u00e1sr\u00f3l <a class=\"profileLink\" href=\"https:\/\/www.facebook.com\/borbaspetii?__tn__=K-R&amp;eid=ARCMjJGjmU7GifpJUrFQ4o3VA0kTSNTRazwqfFzOKf7oSMwtFpGV46gfk0sKVI1pJE4bTDjaqFZXd0Wd&amp;fref=mentions&amp;__xts__%5B0%5D=68.ARD6u_3QbtF6Qdi7qUw9F16WWwSOTnQERVcad87NxG4oAPEHrBAn539udNdRAYJRVDXZ4waF5NlLOi0FP78B2T3vVsRY4HFl4_AAvQTsUzgby_PDMJcu1hcJtSMNv75XCx8bagPH8BeMYKfb_zKmJj5JhY8LRjJjYbjgHI32qUCc212Q-XoHMLQd5hEnFh4Y1BHCNX4EcT-y9t7woz18jnUzVEz9kUg1NpTKsoGkGL4fMV_6Widvb1a6vgOxJsyYoWzPc0iQaoECI_mucM3npraRO_VXKf8vXepbAYmBaJqnUTcv7H5YSva7SQkDeKitrNqznQsqkPZ89EtYOpXnAhAwhw\" data-hovercard=\"\/ajax\/hovercard\/user.php?id=100001509951419&amp;extragetparams=%7B%22__tn__%22%3A%22%2CdK-R-R%22%2C%22eid%22%3A%22ARCMjJGjmU7GifpJUrFQ4o3VA0kTSNTRazwqfFzOKf7oSMwtFpGV46gfk0sKVI1pJE4bTDjaqFZXd0Wd%22%2C%22fref%22%3A%22mentions%22%7D\" data-hovercard-prefer-more-content-show=\"1\">P\u00e9ter Borb\u00e1s<\/a> gondoskodott, a speaker\u00fcnk pedig <a class=\"profileLink\" href=\"https:\/\/www.facebook.com\/marta.vereb.7?__tn__=K-R&amp;eid=ARCn41GTUgnfOZHM1sIJqYii0QwZyj0Fs8Zcrt2Izk_dSyUf6RxiLiXpKByAFki6rziQbuY5GFqfO_X5&amp;fref=mentions&amp;__xts__%5B0%5D=68.ARD6u_3QbtF6Qdi7qUw9F16WWwSOTnQERVcad87NxG4oAPEHrBAn539udNdRAYJRVDXZ4waF5NlLOi0FP78B2T3vVsRY4HFl4_AAvQTsUzgby_PDMJcu1hcJtSMNv75XCx8bagPH8BeMYKfb_zKmJj5JhY8LRjJjYbjgHI32qUCc212Q-XoHMLQd5hEnFh4Y1BHCNX4EcT-y9t7woz18jnUzVEz9kUg1NpTKsoGkGL4fMV_6Widvb1a6vgOxJsyYoWzPc0iQaoECI_mucM3npraRO_VXKf8vXepbAYmBaJqnUTcv7H5YSva7SQkDeKitrNqznQsqkPZ89EtYOpXnAhAwhw\" data-hovercard=\"\/ajax\/hovercard\/user.php?id=100002632102153&amp;extragetparams=%7B%22__tn__%22%3A%22%2CdK-R-R%22%2C%22eid%22%3A%22ARCn41GTUgnfOZHM1sIJqYii0QwZyj0Fs8Zcrt2Izk_dSyUf6RxiLiXpKByAFki6rziQbuY5GFqfO_X5%22%2C%22fref%22%3A%22mentions%22%7D\" data-hovercard-prefer-more-content-show=\"1\">M\u00e1rta Ver\u00e9b<\/a> volt. Az \u00fatvonal biztos\u00edt\u00e1s\u00e1t <a class=\"profileLink\" href=\"https:\/\/www.facebook.com\/sasslaszlo?__tn__=K-R&amp;eid=ARDexdr4CYHWAEBoik2crbNDfitgT9lndK0DOCYNAWh8uvQPV8gmIwBjgsUd0B9z2LRjt_XlXvZ6uXT7&amp;fref=mentions&amp;__xts__%5B0%5D=68.ARD6u_3QbtF6Qdi7qUw9F16WWwSOTnQERVcad87NxG4oAPEHrBAn539udNdRAYJRVDXZ4waF5NlLOi0FP78B2T3vVsRY4HFl4_AAvQTsUzgby_PDMJcu1hcJtSMNv75XCx8bagPH8BeMYKfb_zKmJj5JhY8LRjJjYbjgHI32qUCc212Q-XoHMLQd5hEnFh4Y1BHCNX4EcT-y9t7woz18jnUzVEz9kUg1NpTKsoGkGL4fMV_6Widvb1a6vgOxJsyYoWzPc0iQaoECI_mucM3npraRO_VXKf8vXepbAYmBaJqnUTcv7H5YSva7SQkDeKitrNqznQsqkPZ89EtYOpXnAhAwhw\" data-hovercard=\"\/ajax\/hovercard\/user.php?id=100000040894208&amp;extragetparams=%7B%22__tn__%22%3A%22%2CdK-R-R%22%2C%22eid%22%3A%22ARDexdr4CYHWAEBoik2crbNDfitgT9lndK0DOCYNAWh8uvQPV8gmIwBjgsUd0B9z2LRjt_XlXvZ6uXT7%22%2C%22fref%22%3A%22mentions%22%7D\" data-hovercard-prefer-more-content-show=\"1\">Sass L\u00e1szl\u00f3<\/a>nak \u00e9s csapat\u00e1nak a kom\u00e1romi \u00e9s neszm\u00e9lyi Polg\u00e1r\u0151rs\u00e9gnek k\u00f6sz\u00f6nj\u00fck!<\/p>\n<p style=\"text-align: center;\">A rendezv\u00e9ny helysz\u00edn\u00e9t \u00e9s az \u00f6nzetlen seg\u00edts\u00e9get a rendezv\u00e9ny f\u0151v\u00e9dn\u00f6k\u00e9nek Dunaalm\u00e1s Polg\u00e1rmester\u00e9nek Oll\u00e9 \u00c1rp\u00e1dnak k\u00f6sz\u00f6nj\u00fck! Hab\u00e1r a rendezv\u00e9ny nem kom\u00e1romi ter\u00fcleten zajlott, Kom\u00e1rom v\u00e1ros polg\u00e1rmester\u00e9nek, Dr. Moln\u00e1r Attil\u00e1nak t\u00e1mogat\u00e1s\u00e1t is nagyon k\u00f6sz\u00f6nj\u00fck!<\/p>\n<p style=\"text-align: center;\">Tagjainknak, t\u00e1mogat\u00f3inknak ez\u00fattal is k\u00f6sz\u00f6nj\u00fck a verseny megszervez\u00e9s\u00e9t, lebonyol\u00edt\u00e1s\u00e1t, n\u00e9lk\u00fcl\u00fck ez a rendezv\u00e9ny nem val\u00f3sulhatott volna meg!<\/p>\n<figure id=\"attachment_1339\" aria-describedby=\"caption-attachment-1339\" style=\"width: 840px\" class=\"wp-caption aligncenter\"><img loading=\"lazy\" decoding=\"async\" class=\"size-large wp-image-1339\" src=\"https:\/\/brigetiosport.hu\/wordpress\/wp-content\/uploads\/2019\/04\/56866498_1952505368194695_2947630944233717760_o-1024x683.jpg\" alt=\"\" width=\"840\" height=\"560\" srcset=\"https:\/\/brigetiosport.hu\/wordpress\/wp-content\/uploads\/2019\/04\/56866498_1952505368194695_2947630944233717760_o-1024x683.jpg 1024w, https:\/\/brigetiosport.hu\/wordpress\/wp-content\/uploads\/2019\/04\/56866498_1952505368194695_2947630944233717760_o-300x200.jpg 300w, https:\/\/brigetiosport.hu\/wordpress\/wp-content\/uploads\/2019\/04\/56866498_1952505368194695_2947630944233717760_o-768x512.jpg 768w, https:\/\/brigetiosport.hu\/wordpress\/wp-content\/uploads\/2019\/04\/56866498_1952505368194695_2947630944233717760_o-1200x800.jpg 1200w, https:\/\/brigetiosport.hu\/wordpress\/wp-content\/uploads\/2019\/04\/56866498_1952505368194695_2947630944233717760_o.jpg 1911w\" sizes=\"(max-width: 709px) 85vw, (max-width: 909px) 67vw, (max-width: 1362px) 62vw, 840px\" \/><figcaption id=\"caption-attachment-1339\" class=\"wp-caption-text\">V. Brigetio MTB Maraton helyezettek<\/figcaption><\/figure>\n<p style=\"text-align: center;\">Herczeg B\u00e1lint k\u00e9pei:\u00a0<a href=\"https:\/\/drive.google.com\/open?id=1zzvzm45exwWtm0fCVVsA39wL3Im6XWRi\">https:\/\/drive.google.com\/open?id=1zzvzm45exwWtm0fCVVsA39wL3Im6XWRi<\/a><\/p>\n<\/div>\n<p style=\"text-align: center;\">H\u00e9regi P\u00e9ter k\u00e9pei:\u00a0<a href=\"https:\/\/drive.google.com\/open?id=1zzvzm45exwWtm0fCVVsA39wL3Im6XWRi\">https:\/\/drive.google.com\/open?id=1zzvzm45exwWtm0fCVVsA39wL3Im6XWRi<\/a><\/p>\n<p style=\"text-align: center;\">Eredm\u00e9nyek: <a href=\"https:\/\/brigetiosport.hu\/wordpress\/?media_dl=1331\">xlsx<\/a><\/p>\n","protected":false},"excerpt":{"rendered":"<p>&nbsp; &nbsp; \u00c1prilis 13-\u00e1n, imm\u00e1ron 5. alkalommal, meg\u00fajult helysz\u00ednen \u00e9s \u00fatvonallal rajtolt el a Brigetio MTB Maraton! A verseny k\u00f6zpontja a dunaalm\u00e1si focip\u00e1lya volt, a 36 km-es versenyt\u00e1v a gy\u00f6ny\u00f6r\u0171 neszm\u00e9lyi borvid\u00e9k dombs\u00e1gain haladt. V\u00e1ltozatos rajtcsomaggal k\u00e9sz\u00fclt\u00fcnk a versenyz\u0151knek, amely egyes\u00fclet\u00fcnk kulacs\u00e1t, 1 db SiS energia szeletet tartalmazott a NutriDep\u00f3, a bajnokok ell\u00e1t\u00f3ja j\u00f3volt\u00e1b\u00f3l, tov\u00e1bb\u00e1 &hellip; <a href=\"https:\/\/brigetiosport.hu\/wordpress\/2019\/04\/13\/v-brigetio-maraton-eredmenyek\/\" class=\"more-link\"><span class=\"screen-reader-text\">&#8222;Ferenczi Bal\u00e1zs toronymagasan nyerte az V. Brigetio MTB Maratont!&#8221;<\/span> b\u0151vebben<\/a><\/p>\n","protected":false},"author":1,"featured_media":0,"comment_status":"closed","ping_status":"closed","sticky":false,"template":"","format":"standard","meta":{"footnotes":""},"categories":[8],"tags":[],"_links":{"self":[{"href":"https:\/\/brigetiosport.hu\/wordpress\/wp-json\/wp\/v2\/posts\/1327"}],"collection":[{"href":"https:\/\/brigetiosport.hu\/wordpress\/wp-json\/wp\/v2\/posts"}],"about":[{"href":"https:\/\/brigetiosport.hu\/wordpress\/wp-json\/wp\/v2\/types\/post"}],"author":[{"embeddable":true,"href":"https:\/\/brigetiosport.hu\/wordpress\/wp-json\/wp\/v2\/users\/1"}],"replies":[{"embeddable":true,"href":"https:\/\/brigetiosport.hu\/wordpress\/wp-json\/wp\/v2\/comments?post=1327"}],"version-history":[{"count":6,"href":"https:\/\/brigetiosport.hu\/wordpress\/wp-json\/wp\/v2\/posts\/1327\/revisions"}],"predecessor-version":[{"id":1340,"href":"https:\/\/brigetiosport.hu\/wordpress\/wp-json\/wp\/v2\/posts\/1327\/revisions\/1340"}],"wp:attachment":[{"href":"https:\/\/brigetiosport.hu\/wordpress\/wp-json\/wp\/v2\/media?parent=1327"}],"wp:term":[{"taxonomy":"category","embeddable":true,"href":"https:\/\/brigetiosport.hu\/wordpress\/wp-json\/wp\/v2\/categories?post=1327"},{"taxonomy":"post_tag","embeddable":true,"href":"https:\/\/brigetiosport.hu\/wordpress\/wp-json\/wp\/v2\/tags?post=1327"}],"curies":[{"name":"wp","href":"https:\/\/api.w.org\/{rel}","templated":true}]}}