{"id":1280,"date":"2019-02-10T17:28:24","date_gmt":"2019-02-10T16:28:24","guid":{"rendered":"http:\/\/brigetiosport.hu\/wordpress\/?p=1280"},"modified":"2019-02-10T17:28:47","modified_gmt":"2019-02-10T16:28:47","slug":"1280","status":"publish","type":"post","link":"https:\/\/brigetiosport.hu\/wordpress\/2019\/02\/10\/1280\/","title":{"rendered":"Megtartottuk \u00e9vnyit\u00f3 K\u00f6zgy\u0171l\u00e9s\u00fcnket"},"content":{"rendered":"<p style=\"text-align: center;\"><img loading=\"lazy\" decoding=\"async\" class=\"wp-image-1281 alignleft\" src=\"https:\/\/brigetiosport.hu\/wordpress\/wp-content\/uploads\/2019\/02\/IMG_7944-1024x683.jpg\" alt=\"\" width=\"386\" height=\"257\" srcset=\"https:\/\/brigetiosport.hu\/wordpress\/wp-content\/uploads\/2019\/02\/IMG_7944-1024x683.jpg 1024w, https:\/\/brigetiosport.hu\/wordpress\/wp-content\/uploads\/2019\/02\/IMG_7944-300x200.jpg 300w, https:\/\/brigetiosport.hu\/wordpress\/wp-content\/uploads\/2019\/02\/IMG_7944-768x512.jpg 768w, https:\/\/brigetiosport.hu\/wordpress\/wp-content\/uploads\/2019\/02\/IMG_7944-1200x800.jpg 1200w\" sizes=\"(max-width: 386px) 85vw, 386px\" \/> Febru\u00e1r 9-\u00e9n impoz\u00e1ns k\u00f6rnyezetben, a Monostori Er\u0151d falai k\u00f6z\u00f6tt tartottuk \u00e9vadnyit\u00f3 K\u00f6zgy\u0171l\u00e9s\u00fcnket. Az els\u0151 napirendi pontban Gregor Zolt\u00e1n eln\u00f6k sz\u00e1molt be az el\u0151z\u0151 \u00e9ves tev\u00e9kenys\u00e9gr\u0151l, amely sor\u00e1n kiemelte, hogy az egyes\u00fcleti tagok k\u00f6z\u00f6s munk\u00e1ja \u00e1ltal sz\u00e1mos lakoss\u00e1gi programot val\u00f3s\u00edtott meg egyes\u00fclet\u00fcnk, a szerte\u00e1gaz\u00f3 programoknak k\u00f6sz\u00f6nhet\u0151en megismertett\u00fck az eg\u00e9szs\u00e9g\u00e9ges \u00e9letm\u00f3d fontoss\u00e1g\u00e1t, a ker\u00e9kp\u00e1roz\u00e1st, mint k\u00f6rnyezettudatos k\u00f6zleked\u00e9si eszk\u00f6zt, a biztons\u00e1gos k\u00f6zleked\u00e9s fontoss\u00e1g\u00e1t, a ker\u00e9kp\u00e1rt, mint versenysportot \u00e9s v\u00e1rosunkat, Kom\u00e1romot. 2018-ban Eg\u00e9szs\u00e9gmeg\u0151rz\u0151 Program keretein bel\u00fcl a lakosok 3 ker\u00e9kp\u00e1ros kir\u00e1ndul\u00e1son vehettek r\u00e9szt. Az extr\u00e9m sport szerelmeseinek a Szom\u00f3d Downhill ker\u00e9kp\u00e1rtversenyt szervezt\u00fck. A Kom\u00e1romi Napok r\u00e9szek\u00e9nt a IV. Brigetio MTB Maraton \u2013\u00e9s Gyermekversenyeket szervezt\u00fck terepker\u00e9kp\u00e1rosok r\u00e9sz\u00e9re. Augusztusban a IV. Brigetio Orsz\u00e1g\u00fati Mez\u0151nyverseny volt egyes\u00fclet\u00fcnk legnagyobb szab\u00e1s\u00fa rendezv\u00e9nye, melyen 258 f\u0151 vett r\u00e9szt. Okt\u00f3berben a Szlov\u00e1k-Magyar kapcsolatok \u00e1pol\u00e1sa c\u00e9lj\u00e1b\u00f3l, hat\u00e1ron \u00e1tny\u00fal\u00f3 id\u0151futambajnoks\u00e1got szervezt\u00fcnk, melynek 2. fordul\u00f3j\u00e1t egyes\u00fclet\u00fcnk bonyol\u00edtotta le. Egyes\u00fclet\u00fcnk a Korszer\u0171 pedag\u00f3giai m\u00f3dszerek alkalmaz\u00e1s\u00e1t seg\u00edt\u0151 iskolai k\u00f6z\u00f6ss\u00e9gi program k\u00eds\u00e9rleti megval\u00f3s\u00edt\u00e1sa c\u00edm\u0171 projekt keret\u00e9ben az \u00c1csi G\u00e1rdonyi G\u00e9za \u00c1ltal\u00e1nos Iskola napk\u00f6zis t\u00e1bor\u00e1ban k\u00f6zleked\u00e9s, KRESZ, sport-\u00e9s eg\u00e9szs\u00e9gre nevel\u00e9s t\u00e9mak\u00f6rben tartott elm\u00e9leti \u00e9s gyakorlati foglakoz\u00e1sokat, els\u0151, m\u00e1sodik, negyedik \u00e9s hatodik \u00e9vfolyamos tanul\u00f3knak. Tagjaink 2018-ban 61 ker\u00e9kp\u00e1ros esem\u00e9nyen \u00e1lltak rajthoz, ahol kateg\u00f3ri\u00e1nk\u00e9nti eredm\u00e9nyeket tekintve 45 db I., 31 db II., 27 db III. helyez\u00e9st \u00e9rtek el.<\/p>\n<p style=\"text-align: center;\"><img loading=\"lazy\" decoding=\"async\" class=\"size-large wp-image-1282 aligncenter\" src=\"https:\/\/brigetiosport.hu\/wordpress\/wp-content\/uploads\/2019\/02\/IMG_7949-1024x683.jpg\" alt=\"\" width=\"840\" height=\"560\" srcset=\"https:\/\/brigetiosport.hu\/wordpress\/wp-content\/uploads\/2019\/02\/IMG_7949-1024x683.jpg 1024w, https:\/\/brigetiosport.hu\/wordpress\/wp-content\/uploads\/2019\/02\/IMG_7949-300x200.jpg 300w, https:\/\/brigetiosport.hu\/wordpress\/wp-content\/uploads\/2019\/02\/IMG_7949-768x512.jpg 768w, https:\/\/brigetiosport.hu\/wordpress\/wp-content\/uploads\/2019\/02\/IMG_7949-1200x800.jpg 1200w\" sizes=\"(max-width: 709px) 85vw, (max-width: 909px) 67vw, (max-width: 1362px) 62vw, 840px\" \/><\/p>\n<p style=\"text-align: center;\">A K\u00f6zgy\u0171l\u00e9s a tov\u00e1bbiakban elfogadta az el\u0151z\u0151 \u00e9ves p\u00e9nz\u00fcgyi terv teljes\u00edt\u00e9s\u00e9r\u0151l sz\u00f3l\u00f3, valamint az el\u0151z\u0151 \u00e9vr\u0151l sz\u00f3l\u00f3 sz\u00e1mviteli besz\u00e1mol\u00f3t, tov\u00e1bb\u00e1 elfogad\u00e1sra ker\u00fclt a 2019-es \u00e9v k\u00f6lts\u00e9gvet\u00e9s tervezete is. Az egyes\u00fcleti c\u00e9lok is meghat\u00e1roz\u00e1sra ker\u00fcltek, amely t\u00f6bbek k\u00f6z\u00f6tt tartalmazza az Eg\u00e9szs\u00e9gmeg\u0151rz\u0151 Program, a Brigetio MTB Maraton \u2013\u00e9s Gyermekversenyek, a Brigetio Orsz\u00e1g\u00fati Mez\u0151nyverseny, a Brigetio orsz\u00e1g\u00fati \u2013\u00e9s mtb id\u0151futam megszervez\u00e9s\u00e9t, lebonyol\u00edt\u00e1s\u00e1t. Versenyz\u00e9st tekintve az Amat\u0151r Ker\u00e9kp\u00e1ros Bajnoks\u00e1g \u00e9s a TOP Maraton sorozat eredm\u00e9nyes teljes\u00edt\u00e9s\u00e9t t\u0171zt\u00e9k ki c\u00e9lul tagjaink.<\/p>\n<p style=\"text-align: center;\">A hatodik napirendi pontban egyes\u00fclet\u00fcnk tiszt\u00faj\u00edt\u00e1sa k\u00f6vetkezett, k\u00e9t \u00e9v id\u0151tartamra a Brigetio Ker\u00e9kp\u00e1ros Sportegyes\u00fclet eln\u00f6k\u00e9nek Gregor Zolt\u00e1nt, aleln\u00f6k\u00e9nek H\u00e9regi P\u00e9tert, gazdas\u00e1gi vezet\u0151nek Tapsonyi S\u00e1ndort, eln\u00f6ks\u00e9gi tagnak ifj. H\u00e9regi P\u00e9tert \u00e9s Ag\u00f3cs G\u00e1bort v\u00e1lasztott\u00e1k meg tagjaink.<\/p>\n<p style=\"text-align: center;\">Id\u00e9n is \u00e1tad\u00e1sra ker\u00fclt az \u201c\u00c9v Ker\u00e9kp\u00e1rosa\u201d d\u00edj, melyet Nagy Tomasnak \u00edt\u00e9lt oda az Eln\u00f6ks\u00e9g, aki kimagasl\u00f3 versenyeredm\u00e9nyeivel \u00e9rdemelte ki az elismer\u0151 d\u00edjat. A tov\u00e1bbiakban Ag\u00f3cs G\u00e1bor ismertette a ny\u00e1ri edz\u0151t\u00e1bor tervezet\u00e9t, valamint \u00e1tvehett\u00e9k tagjaink az idei egyes\u00fcleti p\u00f3l\u00f3kat kulacsokat. V\u00e9g\u00fcl \u00e1ll\u00f3 fogad\u00e1ssal z\u00e1rtuk \u00e9vnyit\u00f3 K\u00f6zgy\u0171l\u00e9s\u00fcnket.<\/p>\n<p style=\"text-align: center;\"><img loading=\"lazy\" decoding=\"async\" class=\"size-large wp-image-1283 aligncenter\" src=\"https:\/\/brigetiosport.hu\/wordpress\/wp-content\/uploads\/2019\/02\/IMG_7968-1024x683.jpg\" alt=\"\" width=\"840\" height=\"560\" srcset=\"https:\/\/brigetiosport.hu\/wordpress\/wp-content\/uploads\/2019\/02\/IMG_7968-1024x683.jpg 1024w, https:\/\/brigetiosport.hu\/wordpress\/wp-content\/uploads\/2019\/02\/IMG_7968-300x200.jpg 300w, https:\/\/brigetiosport.hu\/wordpress\/wp-content\/uploads\/2019\/02\/IMG_7968-768x512.jpg 768w, https:\/\/brigetiosport.hu\/wordpress\/wp-content\/uploads\/2019\/02\/IMG_7968-1200x800.jpg 1200w\" sizes=\"(max-width: 709px) 85vw, (max-width: 909px) 67vw, (max-width: 1362px) 62vw, 840px\" \/><\/p>\n<p style=\"text-align: center;\">K\u00f6sz\u00f6nj\u00fck a Monostori Er\u0151dnek az impoz\u00e1ns helysz\u00ednt, a N\u00e9meth Cukr\u00e1szd\u00e1nak a s\u00fctem\u00e9nyeket \u00e9s a pog\u00e1cs\u00e1kat. Fot\u00f3kat k\u00e9sz\u00edtette: N.T.<\/p>\n","protected":false},"excerpt":{"rendered":"<p>Febru\u00e1r 9-\u00e9n impoz\u00e1ns k\u00f6rnyezetben, a Monostori Er\u0151d falai k\u00f6z\u00f6tt tartottuk \u00e9vadnyit\u00f3 K\u00f6zgy\u0171l\u00e9s\u00fcnket. Az els\u0151 napirendi pontban Gregor Zolt\u00e1n eln\u00f6k sz\u00e1molt be az el\u0151z\u0151 \u00e9ves tev\u00e9kenys\u00e9gr\u0151l, amely sor\u00e1n kiemelte, hogy az egyes\u00fcleti tagok k\u00f6z\u00f6s munk\u00e1ja \u00e1ltal sz\u00e1mos lakoss\u00e1gi programot val\u00f3s\u00edtott meg egyes\u00fclet\u00fcnk, a szerte\u00e1gaz\u00f3 programoknak k\u00f6sz\u00f6nhet\u0151en megismertett\u00fck az eg\u00e9szs\u00e9g\u00e9ges \u00e9letm\u00f3d fontoss\u00e1g\u00e1t, a ker\u00e9kp\u00e1roz\u00e1st, mint k\u00f6rnyezettudatos k\u00f6zleked\u00e9si &hellip; <a href=\"https:\/\/brigetiosport.hu\/wordpress\/2019\/02\/10\/1280\/\" class=\"more-link\"><span class=\"screen-reader-text\">&#8222;Megtartottuk \u00e9vnyit\u00f3 K\u00f6zgy\u0171l\u00e9s\u00fcnket&#8221;<\/span> b\u0151vebben<\/a><\/p>\n","protected":false},"author":3,"featured_media":0,"comment_status":"closed","ping_status":"closed","sticky":false,"template":"","format":"standard","meta":{"footnotes":""},"categories":[1],"tags":[],"_links":{"self":[{"href":"https:\/\/brigetiosport.hu\/wordpress\/wp-json\/wp\/v2\/posts\/1280"}],"collection":[{"href":"https:\/\/brigetiosport.hu\/wordpress\/wp-json\/wp\/v2\/posts"}],"about":[{"href":"https:\/\/brigetiosport.hu\/wordpress\/wp-json\/wp\/v2\/types\/post"}],"author":[{"embeddable":true,"href":"https:\/\/brigetiosport.hu\/wordpress\/wp-json\/wp\/v2\/users\/3"}],"replies":[{"embeddable":true,"href":"https:\/\/brigetiosport.hu\/wordpress\/wp-json\/wp\/v2\/comments?post=1280"}],"version-history":[{"count":2,"href":"https:\/\/brigetiosport.hu\/wordpress\/wp-json\/wp\/v2\/posts\/1280\/revisions"}],"predecessor-version":[{"id":1285,"href":"https:\/\/brigetiosport.hu\/wordpress\/wp-json\/wp\/v2\/posts\/1280\/revisions\/1285"}],"wp:attachment":[{"href":"https:\/\/brigetiosport.hu\/wordpress\/wp-json\/wp\/v2\/media?parent=1280"}],"wp:term":[{"taxonomy":"category","embeddable":true,"href":"https:\/\/brigetiosport.hu\/wordpress\/wp-json\/wp\/v2\/categories?post=1280"},{"taxonomy":"post_tag","embeddable":true,"href":"https:\/\/brigetiosport.hu\/wordpress\/wp-json\/wp\/v2\/tags?post=1280"}],"curies":[{"name":"wp","href":"https:\/\/api.w.org\/{rel}","templated":true}]}}