{"id":124,"date":"2017-02-19T05:57:18","date_gmt":"2017-02-19T04:57:18","guid":{"rendered":"http:\/\/brigetiosport.hu\/wordpress\/?p=124"},"modified":"2017-03-01T05:58:07","modified_gmt":"2017-03-01T04:58:07","slug":"megtartottuk-a-masodik-alapozo-edzesunket","status":"publish","type":"post","link":"https:\/\/brigetiosport.hu\/wordpress\/2017\/02\/19\/megtartottuk-a-masodik-alapozo-edzesunket\/","title":{"rendered":"Megtartottuk a m\u00e1sodik alapoz\u00f3 edz\u00e9s\u00fcnket"},"content":{"rendered":"<p>2017.02.19<\/p>\n<p>A mai napon megtartottuk m\u00e1sodik k\u00f6z\u00f6s alapoz\u00f3 edz\u00e9s\u00fcnket. Reggel szembes\u00fclt\u00fcnk a \u201eZord\u201d id\u0151j\u00e1r\u00e1si viszonyokkal,2 fok \u00e9s hideg. Tagjaink b\u00edztak az id\u0151j\u00e1r\u00e1s v\u00e1ltoz\u00e1s\u00e1ban,de sajnos v\u00e9gig k\u00f6dben \u00e9s hidegben tekert\u00fcnk. A hideg id\u0151 ellen\u00e9re 6 f\u0151vel v\u00e1gtunk neki a szeretett Szentp\u00e9ter k\u00f6r\u00fcnknek,ami 60 km volt.<\/p>\n<p>\u201eIndul\u00e1s ut\u00e1n pr\u00f3b\u00e1lzunk bar\u00e1tkozni a hideggel,felvenni a plusz meleg ruh\u00e1kat. A ker\u00e9kp\u00e1r\u00fatra t\u00e9rve rendezt\u00fck sorainkat \u00e9s egy k\u00e9nyelmes temp\u00f3ra be\u00e1llva v\u00e1ltott vezet\u00e9ssel haladtunk.A t\u00e1v fel\u00e9n\u00e9l N\u00e9meth Zolt\u00e1n a v\u00e1ltozatlan id\u0151 miatt egy r\u00f6videbb \u00faton t\u00e9rt vissza kom\u00e1romba. A t\u00e1v v\u00e9g\u00e9re teh\u00e1t 5-en maradtunk,szint\u00e9n k\u00e9nyelmes temp\u00f3t dikt\u00e1lva.A t\u00e1v utols\u00f3 fel\u00e9re mindenki f\u00e1radt,id.H\u00e9regi P\u00e9ter el\u00e9hez\u00e9s miatt k\u00e9nyszer\u00fclt kisebb temp\u00f3ra v\u00e1ltani,\u0151 Ifj.H\u00e9regi P\u00e9ter k\u00eds\u00e9ret\u00e9ben t\u00e9rt vissza az indul\u00e1si helyre.A csapat az utols\u00f3 5 km-re kett\u00e9szakadt \u00e9s k\u00fcl\u00f6n \u00e9rt\u00fcnk be kom\u00e1romba. Az edz\u00e9s ism\u00e9t j\u00f3 hangulatban telt.M\u00e1r nagyon v\u00e1rjuk a tavszt \u00e9s a melegebb id\u0151ket.<\/p>\n<p>Ifj.H\u00e9regi P\u00e9ter<\/p>\n","protected":false},"excerpt":{"rendered":"<p>2017.02.19 A mai napon megtartottuk m\u00e1sodik k\u00f6z\u00f6s alapoz\u00f3 edz\u00e9s\u00fcnket. Reggel szembes\u00fclt\u00fcnk a \u201eZord\u201d id\u0151j\u00e1r\u00e1si viszonyokkal,2 fok \u00e9s hideg. Tagjaink b\u00edztak az id\u0151j\u00e1r\u00e1s v\u00e1ltoz\u00e1s\u00e1ban,de sajnos v\u00e9gig k\u00f6dben \u00e9s hidegben tekert\u00fcnk. A hideg id\u0151 ellen\u00e9re 6 f\u0151vel v\u00e1gtunk neki a szeretett Szentp\u00e9ter k\u00f6r\u00fcnknek,ami 60 km volt. \u201eIndul\u00e1s ut\u00e1n pr\u00f3b\u00e1lzunk bar\u00e1tkozni a hideggel,felvenni a plusz meleg ruh\u00e1kat. A &hellip; <a href=\"https:\/\/brigetiosport.hu\/wordpress\/2017\/02\/19\/megtartottuk-a-masodik-alapozo-edzesunket\/\" class=\"more-link\"><span class=\"screen-reader-text\">&#8222;Megtartottuk a m\u00e1sodik alapoz\u00f3 edz\u00e9s\u00fcnket&#8221;<\/span> b\u0151vebben<\/a><\/p>\n","protected":false},"author":1,"featured_media":0,"comment_status":"closed","ping_status":"closed","sticky":false,"template":"","format":"standard","meta":{"footnotes":""},"categories":[1],"tags":[],"_links":{"self":[{"href":"https:\/\/brigetiosport.hu\/wordpress\/wp-json\/wp\/v2\/posts\/124"}],"collection":[{"href":"https:\/\/brigetiosport.hu\/wordpress\/wp-json\/wp\/v2\/posts"}],"about":[{"href":"https:\/\/brigetiosport.hu\/wordpress\/wp-json\/wp\/v2\/types\/post"}],"author":[{"embeddable":true,"href":"https:\/\/brigetiosport.hu\/wordpress\/wp-json\/wp\/v2\/users\/1"}],"replies":[{"embeddable":true,"href":"https:\/\/brigetiosport.hu\/wordpress\/wp-json\/wp\/v2\/comments?post=124"}],"version-history":[{"count":1,"href":"https:\/\/brigetiosport.hu\/wordpress\/wp-json\/wp\/v2\/posts\/124\/revisions"}],"predecessor-version":[{"id":125,"href":"https:\/\/brigetiosport.hu\/wordpress\/wp-json\/wp\/v2\/posts\/124\/revisions\/125"}],"wp:attachment":[{"href":"https:\/\/brigetiosport.hu\/wordpress\/wp-json\/wp\/v2\/media?parent=124"}],"wp:term":[{"taxonomy":"category","embeddable":true,"href":"https:\/\/brigetiosport.hu\/wordpress\/wp-json\/wp\/v2\/categories?post=124"},{"taxonomy":"post_tag","embeddable":true,"href":"https:\/\/brigetiosport.hu\/wordpress\/wp-json\/wp\/v2\/tags?post=124"}],"curies":[{"name":"wp","href":"https:\/\/api.w.org\/{rel}","templated":true}]}}