{"id":1221,"date":"2018-10-08T07:42:27","date_gmt":"2018-10-08T06:42:27","guid":{"rendered":"http:\/\/brigetiosport.hu\/wordpress\/?p=1221"},"modified":"2018-10-08T07:48:07","modified_gmt":"2018-10-08T06:48:07","slug":"iii-brigetio-idofutam-beszamolo","status":"publish","type":"post","link":"https:\/\/brigetiosport.hu\/wordpress\/2018\/10\/08\/iii-brigetio-idofutam-beszamolo\/","title":{"rendered":"III. Brigetio Id\u0151futam besz\u00e1mol\u00f3"},"content":{"rendered":"\n\t\t<div id='gallery-1' class='gallery galleryid-1221 gallery-columns-1 gallery-size-large gal181007_1'><script type=\"text\/javascript\">\r\n\/\/ <![CDATA[\r\n\tjQuery(document).ready(function () {\r\n\t\tjQuery(\".gal181007_1 a\").attr(\"rel\",\"gal181007_1\");\t\r\n\t\tjQuery('a[rel=\"gal181007_1\"]').colorbox({maxWidth:\"95%\", maxHeight:\"95%\",title: function(){ return jQuery(this).children().attr(\"alt\"); }});\r\n\t});\r\n\/\/ ]]>\r\n<\/script>\n<figure class=\"gallery-item\">\n<div class=\"gallery-icon\">\r\n<a href=\"https:\/\/brigetiosport.hu\/wordpress\/wp-content\/uploads\/2018\/10\/brigetio_idofutam_2018_1.jpg\" title=\"\" rel=\"gal181007_1\"><img loading=\"lazy\" decoding=\"async\" src=\"https:\/\/brigetiosport.hu\/wordpress\/wp-content\/uploads\/2018\/10\/brigetio_idofutam_2018_1-1024x684.jpg\" width=\"840\" height=\"561\" alt=\"\" \/><\/a>\r\n<\/div><\/figure>\r\n\t\t<\/div>\n\n<p>A mai napon meg\u00fajult helysz\u00ednnel v\u00e1rtuk a ker\u00e9kp\u00e1rsport szerelmeseit a III. Brigetio Orsz\u00e1g\u00fati -\u00e9s MTB Id\u0151futamon, amely egyben a <a class=\"profileLink\" href=\"https:\/\/www.facebook.com\/McLloyds-291557148007580\/?__tn__=K-R&amp;eid=ARDTyQZJWkTpDl6QctXSJT0BLu-5hLehMLFPbChAUbZJX052Rl7uRZmMvWXP-9wIC-bpUw1_DBj1eDgt&amp;fref=mentions&amp;__xts__%5B0%5D=68.ARDZEBst76XjJ2iAAD-lcvzUH7zI6A-lieN2f3LIbJa3ctEONhf2l1w4V6nsF9vqWegDSGEarJj__7h0h-evHooF9SSdA6O0O53RmeSWjUIjGGOx3BD1RJ2ADvXDcMcWo3IKjUfB3uBgGyc4F14-esiQGBCgq0OvP15DKVZmIEFHqX5RZb5Crg\" target=\"_blank\" rel=\"noopener noreferrer\" data-hovercard=\"\/ajax\/hovercard\/page.php?id=291557148007580&amp;extragetparams=%7B%22__tn__%22%3A%22%2CdK-R-R%22%2C%22eid%22%3A%22ARDTyQZJWkTpDl6QctXSJT0BLu-5hLehMLFPbChAUbZJX052Rl7uRZmMvWXP-9wIC-bpUw1_DBj1eDgt%22%2C%22fref%22%3A%22mentions%22%7D\" data-hovercard-prefer-more-content-show=\"1\">McLloyd&#8217;s<\/a>, Szlov\u00e1k-Magyar hat\u00e1ron \u00e1tny\u00fal\u0151 id\u0151futambajnoks\u00e1g 2. fordul\u00f3ja volt. T\u00f6k\u00e9letes ker\u00e9kp\u00e1ros id\u0151 \u00e9s gy\u00f6ny\u00f6r\u0171 t\u00e1j v\u00e1rta a ker\u00e9kp\u00e1rosokat, hisz a meg\u00fajult \u00fatvonal a Neszm\u00e9lyi borvid\u00e9kre kalauzolta el a r\u00e9sztvev\u0151ket.<\/p>\n<p><!--more--><\/p>\n\n\t\t<div id='gallery-2' class='gallery galleryid-1221 gallery-columns-3 gallery-size-thumbnail gal181007_1'><script type=\"text\/javascript\">\r\n\/\/ <![CDATA[\r\n\tjQuery(document).ready(function () {\r\n\t\tjQuery(\".gal181007_1 a\").attr(\"rel\",\"gal181007_1\");\t\r\n\t\tjQuery('a[rel=\"gal181007_1\"]').colorbox({maxWidth:\"95%\", maxHeight:\"95%\",title: function(){ return jQuery(this).children().attr(\"alt\"); }});\r\n\t});\r\n\/\/ ]]>\r\n<\/script>\n<figure class=\"gallery-item\">\n<div class=\"gallery-icon\">\r\n<a href=\"https:\/\/brigetiosport.hu\/wordpress\/wp-content\/uploads\/2018\/10\/brigetio_idofutam_2018_2.jpg\" title=\"\" rel=\"gal181007_1\"><img loading=\"lazy\" decoding=\"async\" src=\"https:\/\/brigetiosport.hu\/wordpress\/wp-content\/uploads\/2018\/10\/brigetio_idofutam_2018_2-150x150.jpg\" width=\"150\" height=\"150\" alt=\"\" \/><\/a>\r\n<\/div><\/figure><figure class=\"gallery-item\">\n<div class=\"gallery-icon\">\r\n<a href=\"https:\/\/brigetiosport.hu\/wordpress\/wp-content\/uploads\/2018\/10\/brigetio_idofutam_2018_3.jpg\" title=\"\" rel=\"gal181007_1\"><img loading=\"lazy\" decoding=\"async\" src=\"https:\/\/brigetiosport.hu\/wordpress\/wp-content\/uploads\/2018\/10\/brigetio_idofutam_2018_3-150x150.jpg\" width=\"150\" height=\"150\" alt=\"\" \/><\/a>\r\n<\/div><\/figure><figure class=\"gallery-item\">\n<div class=\"gallery-icon\">\r\n<a href=\"https:\/\/brigetiosport.hu\/wordpress\/wp-content\/uploads\/2018\/10\/brigetio_idofutam_2018_4.jpg\" title=\"\" rel=\"gal181007_1\"><img loading=\"lazy\" decoding=\"async\" src=\"https:\/\/brigetiosport.hu\/wordpress\/wp-content\/uploads\/2018\/10\/brigetio_idofutam_2018_4-150x150.jpg\" width=\"150\" height=\"150\" alt=\"\" \/><\/a>\r\n<\/div><\/figure><figure class=\"gallery-item\">\n<div class=\"gallery-icon\">\r\n<a href=\"https:\/\/brigetiosport.hu\/wordpress\/wp-content\/uploads\/2018\/10\/brigetio_idofutam_2018_5.jpg\" title=\"\" rel=\"gal181007_1\"><img loading=\"lazy\" decoding=\"async\" src=\"https:\/\/brigetiosport.hu\/wordpress\/wp-content\/uploads\/2018\/10\/brigetio_idofutam_2018_5-150x150.jpg\" width=\"150\" height=\"150\" alt=\"\" \/><\/a>\r\n<\/div><\/figure><figure class=\"gallery-item\">\n<div class=\"gallery-icon\">\r\n<a href=\"https:\/\/brigetiosport.hu\/wordpress\/wp-content\/uploads\/2018\/10\/brigetio_idofutam_2018_6.jpg\" title=\"\" rel=\"gal181007_1\"><img loading=\"lazy\" decoding=\"async\" src=\"https:\/\/brigetiosport.hu\/wordpress\/wp-content\/uploads\/2018\/10\/brigetio_idofutam_2018_6-150x150.jpg\" width=\"150\" height=\"150\" alt=\"\" \/><\/a>\r\n<\/div><\/figure><figure class=\"gallery-item\">\n<div class=\"gallery-icon\">\r\n<a href=\"https:\/\/brigetiosport.hu\/wordpress\/wp-content\/uploads\/2018\/10\/brigetio_idofutam_2018_7.jpg\" title=\"\" rel=\"gal181007_1\"><img loading=\"lazy\" decoding=\"async\" src=\"https:\/\/brigetiosport.hu\/wordpress\/wp-content\/uploads\/2018\/10\/brigetio_idofutam_2018_7-150x150.jpg\" width=\"150\" height=\"150\" alt=\"\" \/><\/a>\r\n<\/div><\/figure>\r\n\t\t<\/div>\n\n<p>Az MTB kateg\u00f3ri\u00e1ban 14,5 km-t kellett teljes\u00edteni 280m szintk\u00fcl\u00f6nbs\u00e9ggel. A h\u00f6lgyek verseny\u00e9t <a class=\"profileLink\" href=\"https:\/\/www.facebook.com\/alexandraeva.meszaros?__tn__=K-R&amp;eid=ARApLUUOZM1uUWOcS2DxXPTxFm1bqyX966j0hZOiZrYVx9lnGjvvxPhu9-g6yRrMPbevcGytufAivcLS&amp;fref=mentions&amp;__xts__%5B0%5D=68.ARDZEBst76XjJ2iAAD-lcvzUH7zI6A-lieN2f3LIbJa3ctEONhf2l1w4V6nsF9vqWegDSGEarJj__7h0h-evHooF9SSdA6O0O53RmeSWjUIjGGOx3BD1RJ2ADvXDcMcWo3IKjUfB3uBgGyc4F14-esiQGBCgq0OvP15DKVZmIEFHqX5RZb5Crg\" target=\"_blank\" rel=\"noopener noreferrer\" data-hovercard=\"\/ajax\/hovercard\/user.php?id=100002702105268&amp;extragetparams=%7B%22__tn__%22%3A%22%2CdK-R-R%22%2C%22eid%22%3A%22ARApLUUOZM1uUWOcS2DxXPTxFm1bqyX966j0hZOiZrYVx9lnGjvvxPhu9-g6yRrMPbevcGytufAivcLS%22%2C%22fref%22%3A%22mentions%22%7D\" data-hovercard-prefer-more-content-show=\"1\">M\u00e9sz\u00e1ros Alexandra \u00c9va <\/a> (Brigetio K<span class=\"text_exposed_show\">SE) nyerte <a class=\"profileLink\" href=\"https:\/\/www.facebook.com\/silvia.farkasova.75?__tn__=K-R&amp;eid=ARC9jG09NtMiXxJFe-mk0Va_R7rgdGWZeJHcXgLlBg5z3gAiWURBOt3OjFeislgjGLz6qysAekyqGLH2&amp;fref=mentions&amp;__xts__%5B0%5D=68.ARDZEBst76XjJ2iAAD-lcvzUH7zI6A-lieN2f3LIbJa3ctEONhf2l1w4V6nsF9vqWegDSGEarJj__7h0h-evHooF9SSdA6O0O53RmeSWjUIjGGOx3BD1RJ2ADvXDcMcWo3IKjUfB3uBgGyc4F14-esiQGBCgq0OvP15DKVZmIEFHqX5RZb5Crg\" target=\"_blank\" rel=\"noopener noreferrer\" data-hovercard=\"\/ajax\/hovercard\/user.php?id=100000043513267&amp;extragetparams=%7B%22__tn__%22%3A%22%2CdK-R-R%22%2C%22eid%22%3A%22ARC9jG09NtMiXxJFe-mk0Va_R7rgdGWZeJHcXgLlBg5z3gAiWURBOt3OjFeislgjGLz6qysAekyqGLH2%22%2C%22fref%22%3A%22mentions%22%7D\" data-hovercard-prefer-more-content-show=\"1\">Silvia Farkasov\u00e1<\/a> (C.K-Piko bike) \u00e9s <a class=\"profileLink\" href=\"https:\/\/www.facebook.com\/ildiko.csibamoricz?__tn__=K-R&amp;eid=ARCf86sNmrweGDDpMPI5NEmuZ3gBU9d_Z6lhls2nijMOiovbVHnaDfjE6YYUdwhNS_36Uh32xrE2A6HE&amp;fref=mentions&amp;__xts__%5B0%5D=68.ARDZEBst76XjJ2iAAD-lcvzUH7zI6A-lieN2f3LIbJa3ctEONhf2l1w4V6nsF9vqWegDSGEarJj__7h0h-evHooF9SSdA6O0O53RmeSWjUIjGGOx3BD1RJ2ADvXDcMcWo3IKjUfB3uBgGyc4F14-esiQGBCgq0OvP15DKVZmIEFHqX5RZb5Crg\" data-hovercard=\"\/ajax\/hovercard\/user.php?id=100000215875391&amp;extragetparams=%7B%22__tn__%22%3A%22%2CdK-R-R%22%2C%22eid%22%3A%22ARCf86sNmrweGDDpMPI5NEmuZ3gBU9d_Z6lhls2nijMOiovbVHnaDfjE6YYUdwhNS_36Uh32xrE2A6HE%22%2C%22fref%22%3A%22mentions%22%7D\" data-hovercard-prefer-more-content-show=\"1\">Csiba M\u00f3ricz Ildik\u00f3<\/a> (C.K-Piko bike) el\u0151tt. Az urakn\u00e1l <a class=\"profileLink\" href=\"https:\/\/www.facebook.com\/zsolt.fekete.3950?__tn__=K-R&amp;eid=ARCMNGhne7tEepmMujS-OHO1wmHxjnvLM9SCLB2T4BtFXq_07X91H7oYu_co-aziOiLu5e3vmU_pbZIs&amp;fref=mentions&amp;__xts__%5B0%5D=68.ARDZEBst76XjJ2iAAD-lcvzUH7zI6A-lieN2f3LIbJa3ctEONhf2l1w4V6nsF9vqWegDSGEarJj__7h0h-evHooF9SSdA6O0O53RmeSWjUIjGGOx3BD1RJ2ADvXDcMcWo3IKjUfB3uBgGyc4F14-esiQGBCgq0OvP15DKVZmIEFHqX5RZb5Crg\" target=\"_blank\" rel=\"noopener noreferrer\" data-hovercard=\"\/ajax\/hovercard\/user.php?id=100007285477989&amp;extragetparams=%7B%22__tn__%22%3A%22%2CdK-R-R%22%2C%22eid%22%3A%22ARCMNGhne7tEepmMujS-OHO1wmHxjnvLM9SCLB2T4BtFXq_07X91H7oYu_co-aziOiLu5e3vmU_pbZIs%22%2C%22fref%22%3A%22mentions%22%7D\" data-hovercard-prefer-more-content-show=\"1\">Fekete Zsolt<\/a> (Bakony Racing Team) bizonyolt a leggyorsabbnak <a class=\"profileLink\" href=\"https:\/\/www.facebook.com\/dekany.tamas.1?__tn__=K-R&amp;eid=ARBKnciCTtu5WlOs1_B-kxEfDGwnGAyeEsdPbRbAsG9tUd_Lw3UIaYYr1z8rXkxWrQU6ulgJdw6kjwMC&amp;fref=mentions&amp;__xts__%5B0%5D=68.ARDZEBst76XjJ2iAAD-lcvzUH7zI6A-lieN2f3LIbJa3ctEONhf2l1w4V6nsF9vqWegDSGEarJj__7h0h-evHooF9SSdA6O0O53RmeSWjUIjGGOx3BD1RJ2ADvXDcMcWo3IKjUfB3uBgGyc4F14-esiQGBCgq0OvP15DKVZmIEFHqX5RZb5Crg\" target=\"_blank\" rel=\"noopener noreferrer\" data-hovercard=\"\/ajax\/hovercard\/user.php?id=100003613840611&amp;extragetparams=%7B%22__tn__%22%3A%22%2CdK-R-R%22%2C%22eid%22%3A%22ARBKnciCTtu5WlOs1_B-kxEfDGwnGAyeEsdPbRbAsG9tUd_Lw3UIaYYr1z8rXkxWrQU6ulgJdw6kjwMC%22%2C%22fref%22%3A%22mentions%22%7D\" data-hovercard-prefer-more-content-show=\"1\">D\u00e9k\u00e1ny Tam\u00e1s<\/a> (Fender KSE) \u00e9s <a class=\"profileLink\" href=\"https:\/\/www.facebook.com\/stefan.kurdi.56?__tn__=K-R&amp;eid=ARBjcMkmNuM4aCbWvVCkCUyZpw1tQWDefx4nqy5i1R7vH3-VgvBH0rRTbiwNYDFfKzYW3bI5f7G7g_IG&amp;fref=mentions&amp;__xts__%5B0%5D=68.ARDZEBst76XjJ2iAAD-lcvzUH7zI6A-lieN2f3LIbJa3ctEONhf2l1w4V6nsF9vqWegDSGEarJj__7h0h-evHooF9SSdA6O0O53RmeSWjUIjGGOx3BD1RJ2ADvXDcMcWo3IKjUfB3uBgGyc4F14-esiQGBCgq0OvP15DKVZmIEFHqX5RZb5Crg\" target=\"_blank\" rel=\"noopener noreferrer\" data-hovercard=\"\/ajax\/hovercard\/user.php?id=100010920643147&amp;extragetparams=%7B%22__tn__%22%3A%22%2CdK-R-R%22%2C%22eid%22%3A%22ARBjcMkmNuM4aCbWvVCkCUyZpw1tQWDefx4nqy5i1R7vH3-VgvBH0rRTbiwNYDFfKzYW3bI5f7G7g_IG%22%2C%22fref%22%3A%22mentions%22%7D\" data-hovercard-prefer-more-content-show=\"1\">Stefan Kurdi<\/a> (C.K-Piko bike) el\u0151tt!<\/span><\/p>\n<div class=\"text_exposed_show\">\n<p>Az orsz\u00e1g\u00fati id\u0151futam 22,5 km-es volt, amely sor\u00e1n egy komolyabb emelked\u0151t is kellett teljes\u00edteni. A Hilltopi emelked\u0151 \u00e1tlag 10%-os meredeks\u00e9g\u00e9vel mindenkit megizzasztott, de a borvid\u00e9k \u00e9s a hangulatos telep\u00fcl\u00e9sek l\u00e1tv\u00e1nya mindent k\u00e1rp\u00f3tolt. A n\u0151k verseny\u00e9t <a class=\"profileLink\" href=\"https:\/\/www.facebook.com\/hideg.nora?__tn__=K-R&amp;eid=ARDJrcrDKk4c0ovel66kMgDwsj8CqLImXcGYtErltn2UKLJOX49sjQuSiExplyNkghC57GE2WGmhDCy1&amp;fref=mentions&amp;__xts__%5B0%5D=68.ARDZEBst76XjJ2iAAD-lcvzUH7zI6A-lieN2f3LIbJa3ctEONhf2l1w4V6nsF9vqWegDSGEarJj__7h0h-evHooF9SSdA6O0O53RmeSWjUIjGGOx3BD1RJ2ADvXDcMcWo3IKjUfB3uBgGyc4F14-esiQGBCgq0OvP15DKVZmIEFHqX5RZb5Crg\" target=\"_blank\" rel=\"noopener noreferrer\" data-hovercard=\"\/ajax\/hovercard\/user.php?id=100001635205814&amp;extragetparams=%7B%22__tn__%22%3A%22%2CdK-R-R%22%2C%22eid%22%3A%22ARDJrcrDKk4c0ovel66kMgDwsj8CqLImXcGYtErltn2UKLJOX49sjQuSiExplyNkghC57GE2WGmhDCy1%22%2C%22fref%22%3A%22mentions%22%7D\" data-hovercard-prefer-more-content-show=\"1\">N\u00f3ra Hideg<\/a> (<a class=\"profileLink\" href=\"https:\/\/www.facebook.com\/szingo.cycling.team\/?__tn__=K-R&amp;eid=ARDuwao-vCs7ZdE6FZzbaMGti9sVq4rjWE7pcXRgsIa5cSl2PXBK_5pCGE2fpYf1H2hgwYtYALbrLt2T&amp;fref=mentions&amp;__xts__%5B0%5D=68.ARDZEBst76XjJ2iAAD-lcvzUH7zI6A-lieN2f3LIbJa3ctEONhf2l1w4V6nsF9vqWegDSGEarJj__7h0h-evHooF9SSdA6O0O53RmeSWjUIjGGOx3BD1RJ2ADvXDcMcWo3IKjUfB3uBgGyc4F14-esiQGBCgq0OvP15DKVZmIEFHqX5RZb5Crg\" target=\"_blank\" rel=\"noopener noreferrer\" data-hovercard=\"\/ajax\/hovercard\/page.php?id=576710985762541&amp;extragetparams=%7B%22__tn__%22%3A%22%2CdK-R-R%22%2C%22eid%22%3A%22ARDuwao-vCs7ZdE6FZzbaMGti9sVq4rjWE7pcXRgsIa5cSl2PXBK_5pCGE2fpYf1H2hgwYtYALbrLt2T%22%2C%22fref%22%3A%22mentions%22%7D\" data-hovercard-prefer-more-content-show=\"1\">Szingo Cycling Team<\/a>) nyerte, a m\u00e1sodik helyet <a class=\"profileLink\" href=\"https:\/\/www.facebook.com\/boglarka.fail?__tn__=K-R&amp;eid=ARDDk9kSjwMqMYLmIGnvBJBBb5b_dc1SWkuCfG7AqGOhZR56vg8qBF23leTuz49lxUWVqgbNB-Gv_GQh&amp;fref=mentions&amp;__xts__%5B0%5D=68.ARDZEBst76XjJ2iAAD-lcvzUH7zI6A-lieN2f3LIbJa3ctEONhf2l1w4V6nsF9vqWegDSGEarJj__7h0h-evHooF9SSdA6O0O53RmeSWjUIjGGOx3BD1RJ2ADvXDcMcWo3IKjUfB3uBgGyc4F14-esiQGBCgq0OvP15DKVZmIEFHqX5RZb5Crg\" target=\"_blank\" rel=\"noopener noreferrer\" data-hovercard=\"\/ajax\/hovercard\/user.php?id=100007737008507&amp;extragetparams=%7B%22__tn__%22%3A%22%2CdK-R-R%22%2C%22eid%22%3A%22ARDDk9kSjwMqMYLmIGnvBJBBb5b_dc1SWkuCfG7AqGOhZR56vg8qBF23leTuz49lxUWVqgbNB-Gv_GQh%22%2C%22fref%22%3A%22mentions%22%7D\" data-hovercard-prefer-more-content-show=\"1\">Bogl\u00e1rka Fa\u00edl<\/a> (Brigetio KSE), m\u00edg a harmadik helyet Horv\u00e1th Gr\u00e9ta (<a class=\"profileLink\" href=\"https:\/\/www.facebook.com\/asekerekpar\/?__tn__=K-R&amp;eid=ARBz_S8NZegffd8XrhXX15zI-lBRyqahsiRbnTqdRiyJdltucdfra5hSd8X9NWQ6P9BbGbK3HN5PBUvT&amp;fref=mentions&amp;__xts__%5B0%5D=68.ARDZEBst76XjJ2iAAD-lcvzUH7zI6A-lieN2f3LIbJa3ctEONhf2l1w4V6nsF9vqWegDSGEarJj__7h0h-evHooF9SSdA6O0O53RmeSWjUIjGGOx3BD1RJ2ADvXDcMcWo3IKjUfB3uBgGyc4F14-esiQGBCgq0OvP15DKVZmIEFHqX5RZb5Crg\" target=\"_blank\" rel=\"noopener noreferrer\" data-hovercard=\"\/ajax\/hovercard\/page.php?id=1820024271578482&amp;extragetparams=%7B%22__tn__%22%3A%22%2CdK-R-R%22%2C%22eid%22%3A%22ARBz_S8NZegffd8XrhXX15zI-lBRyqahsiRbnTqdRiyJdltucdfra5hSd8X9NWQ6P9BbGbK3HN5PBUvT%22%2C%22fref%22%3A%22mentions%22%7D\" data-hovercard-prefer-more-content-show=\"1\">ASE Ker\u00e9kp\u00e1r<\/a>) szerezte meg! A f\u00e9rfiak versenye nagyon izgalmasan alakult, 12 mp el\u0151nnyel egyes\u00fclet\u00fcnk versenyz\u0151je 32:12.6-os id\u0151vel <a class=\"profileLink\" href=\"https:\/\/www.facebook.com\/Tupek89?__tn__=K-R&amp;eid=ARAprCRBw1zSTYqPG3ze46WhSPijp1ODpB0rJNIbUBNSzjw7Fi85kFAsapfrqo8aANS1FhLiB03UH8LE&amp;fref=mentions&amp;__xts__%5B0%5D=68.ARDZEBst76XjJ2iAAD-lcvzUH7zI6A-lieN2f3LIbJa3ctEONhf2l1w4V6nsF9vqWegDSGEarJj__7h0h-evHooF9SSdA6O0O53RmeSWjUIjGGOx3BD1RJ2ADvXDcMcWo3IKjUfB3uBgGyc4F14-esiQGBCgq0OvP15DKVZmIEFHqX5RZb5Crg\" target=\"_blank\" rel=\"noopener noreferrer\" data-hovercard=\"\/ajax\/hovercard\/user.php?id=100004887558935&amp;extragetparams=%7B%22__tn__%22%3A%22%2CdK-R-R%22%2C%22eid%22%3A%22ARAprCRBw1zSTYqPG3ze46WhSPijp1ODpB0rJNIbUBNSzjw7Fi85kFAsapfrqo8aANS1FhLiB03UH8LE%22%2C%22fref%22%3A%22mentions%22%7D\" data-hovercard-prefer-more-content-show=\"1\">Tom\u00e1\u0161 Nagy<\/a> (Brigetio KSE) teljes\u00edtette a leggyorsabban a t\u00e1vot Balogh Lajos (<a class=\"profileLink\" href=\"https:\/\/www.facebook.com\/solyombiketeam\/?__tn__=K-R&amp;eid=ARCfsFTyyXTT3-MdZHSRJ4czbXxc_2VxDlbSpkJJettHG0vqHOyzl8OIFfq81zqTihzjRc8aO7WpJaiz&amp;fref=mentions&amp;__xts__%5B0%5D=68.ARDZEBst76XjJ2iAAD-lcvzUH7zI6A-lieN2f3LIbJa3ctEONhf2l1w4V6nsF9vqWegDSGEarJj__7h0h-evHooF9SSdA6O0O53RmeSWjUIjGGOx3BD1RJ2ADvXDcMcWo3IKjUfB3uBgGyc4F14-esiQGBCgq0OvP15DKVZmIEFHqX5RZb5Crg\" target=\"_blank\" rel=\"noopener noreferrer\" data-hovercard=\"\/ajax\/hovercard\/page.php?id=155789761123395&amp;extragetparams=%7B%22__tn__%22%3A%22%2CdK-R-R%22%2C%22eid%22%3A%22ARCfsFTyyXTT3-MdZHSRJ4czbXxc_2VxDlbSpkJJettHG0vqHOyzl8OIFfq81zqTihzjRc8aO7WpJaiz%22%2C%22fref%22%3A%22mentions%22%7D\" data-hovercard-prefer-more-content-show=\"1\">solyombiketeam.hu<\/a>) el\u0151tt. A harmadik helyen <a class=\"profileLink\" href=\"https:\/\/www.facebook.com\/balintsolt.szabo?__tn__=K-R&amp;eid=ARBtENcmhXBFpU7ORd_Vw3ycLmuZh6AVMntka-y-TgcnToQO0TlaSCLJoTcqzpMyzDjEidNWSZa954v4&amp;fref=mentions&amp;__xts__%5B0%5D=68.ARDZEBst76XjJ2iAAD-lcvzUH7zI6A-lieN2f3LIbJa3ctEONhf2l1w4V6nsF9vqWegDSGEarJj__7h0h-evHooF9SSdA6O0O53RmeSWjUIjGGOx3BD1RJ2ADvXDcMcWo3IKjUfB3uBgGyc4F14-esiQGBCgq0OvP15DKVZmIEFHqX5RZb5Crg\" target=\"_blank\" rel=\"noopener noreferrer\" data-hovercard=\"\/ajax\/hovercard\/user.php?id=100000579076254&amp;extragetparams=%7B%22__tn__%22%3A%22%2CdK-R-R%22%2C%22eid%22%3A%22ARBtENcmhXBFpU7ORd_Vw3ycLmuZh6AVMntka-y-TgcnToQO0TlaSCLJoTcqzpMyzDjEidNWSZa954v4%22%2C%22fref%22%3A%22mentions%22%7D\" data-hovercard-prefer-more-content-show=\"1\">Szab\u00f3 B\u00e1lint Solt<\/a> (<a class=\"profileLink\" href=\"https:\/\/www.facebook.com\/cyclingdevel\/?__tn__=K-R&amp;eid=ARCUgapEHPchInQYK8yxwM3dzdM0GuLiLPkDsdfnI4LoY3Jp6mrHneUtZbSXepVYtE_t1bNIfWa-48oA&amp;fref=mentions&amp;__xts__%5B0%5D=68.ARDZEBst76XjJ2iAAD-lcvzUH7zI6A-lieN2f3LIbJa3ctEONhf2l1w4V6nsF9vqWegDSGEarJj__7h0h-evHooF9SSdA6O0O53RmeSWjUIjGGOx3BD1RJ2ADvXDcMcWo3IKjUfB3uBgGyc4F14-esiQGBCgq0OvP15DKVZmIEFHqX5RZb5Crg\" target=\"_blank\" rel=\"noopener noreferrer\" data-hovercard=\"\/ajax\/hovercard\/page.php?id=409303102580532&amp;extragetparams=%7B%22__tn__%22%3A%22%2CdK-R-R%22%2C%22eid%22%3A%22ARCUgapEHPchInQYK8yxwM3dzdM0GuLiLPkDsdfnI4LoY3Jp6mrHneUtZbSXepVYtE_t1bNIfWa-48oA%22%2C%22fref%22%3A%22mentions%22%7D\" data-hovercard-prefer-more-content-show=\"1\">Epronex &#8211; Bike Hungary<\/a>) \u00e9rkezett c\u00e9lba!<\/p>\n<p>A versenyt k\u00f6vet\u0151en guly\u00e1slevessel \u00e9s finom s\u00fctem\u00e9nyekkel p\u00f3tolhatt\u00e1k a kal\u00f3ri\u00e1kat a versenyz\u0151k! Az eredm\u00e9nyhirdet\u00e9st k\u00f6vet\u0151en <a class=\"profileLink\" href=\"https:\/\/www.facebook.com\/szylvia.nagynevarady?__tn__=K-R&amp;eid=ARBNt4m4KVGEYSI3wwvlJwTBxifqzQsFNStKvnzw_xmHJu2KekCTw80P0EFVEwG61eB2_qBZAAc3lDWF&amp;fref=mentions&amp;__xts__%5B0%5D=68.ARDZEBst76XjJ2iAAD-lcvzUH7zI6A-lieN2f3LIbJa3ctEONhf2l1w4V6nsF9vqWegDSGEarJj__7h0h-evHooF9SSdA6O0O53RmeSWjUIjGGOx3BD1RJ2ADvXDcMcWo3IKjUfB3uBgGyc4F14-esiQGBCgq0OvP15DKVZmIEFHqX5RZb5Crg\" target=\"_blank\" rel=\"noopener noreferrer\" data-hovercard=\"\/ajax\/hovercard\/user.php?id=100003174856737&amp;extragetparams=%7B%22__tn__%22%3A%22%2CdK-R-R%22%2C%22eid%22%3A%22ARBNt4m4KVGEYSI3wwvlJwTBxifqzQsFNStKvnzw_xmHJu2KekCTw80P0EFVEwG61eB2_qBZAAc3lDWF%22%2C%22fref%22%3A%22mentions%22%7D\" data-hovercard-prefer-more-content-show=\"1\">Szylvia Nagyn\u00e9 V\u00e1rady<\/a> \u00e1ltal k\u00e9sz\u00edtett tort\u00e1val z\u00e1rtuk az idei ker\u00e9kp\u00e1ros szezont!<\/p>\n<p>Az <a class=\"profileLink\" href=\"https:\/\/www.facebook.com\/IREKS.STAMAG.Kft\/?__tn__=K-R&amp;eid=ARCD5syq0ZlN5ADthNgLRuKwaLPcjAE4ekOHgD4yilaDzb6VyB1SbHAnOieQlzttmzjzkR6v8YpEAIqM&amp;fref=mentions&amp;__xts__%5B0%5D=68.ARDZEBst76XjJ2iAAD-lcvzUH7zI6A-lieN2f3LIbJa3ctEONhf2l1w4V6nsF9vqWegDSGEarJj__7h0h-evHooF9SSdA6O0O53RmeSWjUIjGGOx3BD1RJ2ADvXDcMcWo3IKjUfB3uBgGyc4F14-esiQGBCgq0OvP15DKVZmIEFHqX5RZb5Crg\" target=\"_blank\" rel=\"noopener noreferrer\" data-hovercard=\"\/ajax\/hovercard\/page.php?id=483077618395769&amp;extragetparams=%7B%22__tn__%22%3A%22%2CdK-R-R%22%2C%22eid%22%3A%22ARCD5syq0ZlN5ADthNgLRuKwaLPcjAE4ekOHgD4yilaDzb6VyB1SbHAnOieQlzttmzjzkR6v8YpEAIqM%22%2C%22fref%22%3A%22mentions%22%7D\" data-hovercard-prefer-more-content-show=\"1\">IREKS-STAMAG Kft.<\/a> j\u00f3volt\u00e1b\u00f3l a rendezv\u00e9nyk\u00f6zpontban eg\u00e9sz nap ingyen k\u00e1v\u00e9zhattak a versenyz\u0151k \u00e9s k\u00eds\u00e9r\u0151ik finom s\u00fctem\u00e9nyek elfogyaszt\u00e1sa mellett! Nagyon k\u00f6sz\u00f6nj\u00fck, hogy ma minket v\u00e1lasztottatok \u00e9s egy\u00fctt z\u00e1rhattuk az idei ker\u00e9kp\u00e1ros szezont, b\u00edzunk benne, hogy pozit\u00edv \u00e9lm\u00e9nyekkel t\u00e9rtetek haza!<\/p>\n<p>K\u00f6sz\u00f6nj\u00fck a szponzorainknak, t\u00e1mogat\u00f3inknak, hogy lehet\u0151v\u00e9 tett\u00e9tek a mai rendezv\u00e9ny megszervez\u00e9s\u00e9t! K\u00f6sz\u00f6nj\u00fck a Kom\u00e1romi Polg\u00e1r\u0151rs\u00e9gnek, hogy profi sz\u00ednvonalon lebiztos\u00edtott\u00e1k rendezv\u00e9ny\u00fcnket!<\/p>\n<p>Eredm\u00e9nyek: <a href=\"https:\/\/brigetiosport.hu\/wordpress\/?media_dl=1218\">xlsx<\/a><\/p>\n<p><a class=\"profileLink\" href=\"https:\/\/www.facebook.com\/fridrich.buga?__tn__=K-R&amp;eid=ARABIsPWWMdQBkRwb7APIPTZ_B9zrpLhkjqKbqof5EXOJrDJCilqirnssL9xu1COgVSLPcmGFL9AJk8Q&amp;fref=mentions&amp;__xts__%5B0%5D=68.ARDZEBst76XjJ2iAAD-lcvzUH7zI6A-lieN2f3LIbJa3ctEONhf2l1w4V6nsF9vqWegDSGEarJj__7h0h-evHooF9SSdA6O0O53RmeSWjUIjGGOx3BD1RJ2ADvXDcMcWo3IKjUfB3uBgGyc4F14-esiQGBCgq0OvP15DKVZmIEFHqX5RZb5Crg\" target=\"_blank\" rel=\"noopener noreferrer\" data-hovercard=\"\/ajax\/hovercard\/user.php?id=100000062752368&amp;extragetparams=%7B%22__tn__%22%3A%22%2CdK-R-R%22%2C%22eid%22%3A%22ARABIsPWWMdQBkRwb7APIPTZ_B9zrpLhkjqKbqof5EXOJrDJCilqirnssL9xu1COgVSLPcmGFL9AJk8Q%22%2C%22fref%22%3A%22mentions%22%7D\" data-hovercard-prefer-more-content-show=\"1\">Fridrich Buga<\/a> k\u00e9pei: <a href=\"https:\/\/drive.google.com\/drive\/folders\/1wZEodfoBbLlRVhO4rjpn9Tjvv372JpD_\" target=\"_blank\" rel=\"nofollow noopener noreferrer\" data-ft=\"{&quot;tn&quot;:&quot;-U&quot;}\" data-lynx-mode=\"async\" data-lynx-uri=\"https:\/\/l.facebook.com\/l.php?u=https%3A%2F%2Fdrive.google.com%2Fdrive%2Ffolders%2F1wZEodfoBbLlRVhO4rjpn9Tjvv372JpD_&amp;h=AT1m7Ii93EGFDcwL0hkJtJzxepX9me4kwuSwwcQ63HWRp5ZIFZBLU6mStFsd09GGf71Ya6-MKCSjQdJCRWQKuVzBcfezPpJJev5IxEdk_9dtXDTo1OWHk2b6eUBikGLIipqvbB0LNl5vkMnp1hsZFlc11atJ_xLxV0ddG2egCRWfOZjl2ZsSdPsPL0FHzmStChS11xyPkgF56ugplgg5mTz7Rqn7E6jdNZ2dt_kcPfkhnHSEr8hw5J0I0HabGfROytE9A3sZpk3zVaLgQnorboiC7y9Ui3pRMApxIKnzNNs5BS6p906-JvzpvzSsLf240dVEvSMOIkLzTwoZjD_YYXqgQvnXb6qfG_oWIlWUu9QprxZG4Wo0NodSaWKWFnXEkl7yUwuWq1UdoCLml6WH4pNdXUzo3geE6g\">Gal\u00e9ria1<\/a><\/p>\n<p>Tov\u00e1bbi k\u00e9pek hamarosan!<\/p>\n<\/div>\n","protected":false},"excerpt":{"rendered":"<p>A mai napon meg\u00fajult helysz\u00ednnel v\u00e1rtuk a ker\u00e9kp\u00e1rsport szerelmeseit a III. Brigetio Orsz\u00e1g\u00fati -\u00e9s MTB Id\u0151futamon, amely egyben a McLloyd&#8217;s, Szlov\u00e1k-Magyar hat\u00e1ron \u00e1tny\u00fal\u0151 id\u0151futambajnoks\u00e1g 2. fordul\u00f3ja volt. T\u00f6k\u00e9letes ker\u00e9kp\u00e1ros id\u0151 \u00e9s gy\u00f6ny\u00f6r\u0171 t\u00e1j v\u00e1rta a ker\u00e9kp\u00e1rosokat, hisz a meg\u00fajult \u00fatvonal a Neszm\u00e9lyi borvid\u00e9kre kalauzolta el a r\u00e9sztvev\u0151ket.<\/p>\n","protected":false},"author":1,"featured_media":0,"comment_status":"closed","ping_status":"closed","sticky":false,"template":"","format":"standard","meta":{"footnotes":""},"categories":[7,6],"tags":[],"_links":{"self":[{"href":"https:\/\/brigetiosport.hu\/wordpress\/wp-json\/wp\/v2\/posts\/1221"}],"collection":[{"href":"https:\/\/brigetiosport.hu\/wordpress\/wp-json\/wp\/v2\/posts"}],"about":[{"href":"https:\/\/brigetiosport.hu\/wordpress\/wp-json\/wp\/v2\/types\/post"}],"author":[{"embeddable":true,"href":"https:\/\/brigetiosport.hu\/wordpress\/wp-json\/wp\/v2\/users\/1"}],"replies":[{"embeddable":true,"href":"https:\/\/brigetiosport.hu\/wordpress\/wp-json\/wp\/v2\/comments?post=1221"}],"version-history":[{"count":5,"href":"https:\/\/brigetiosport.hu\/wordpress\/wp-json\/wp\/v2\/posts\/1221\/revisions"}],"predecessor-version":[{"id":1233,"href":"https:\/\/brigetiosport.hu\/wordpress\/wp-json\/wp\/v2\/posts\/1221\/revisions\/1233"}],"wp:attachment":[{"href":"https:\/\/brigetiosport.hu\/wordpress\/wp-json\/wp\/v2\/media?parent=1221"}],"wp:term":[{"taxonomy":"category","embeddable":true,"href":"https:\/\/brigetiosport.hu\/wordpress\/wp-json\/wp\/v2\/categories?post=1221"},{"taxonomy":"post_tag","embeddable":true,"href":"https:\/\/brigetiosport.hu\/wordpress\/wp-json\/wp\/v2\/tags?post=1221"}],"curies":[{"name":"wp","href":"https:\/\/api.w.org\/{rel}","templated":true}]}}