{"id":1125,"date":"2018-05-06T15:43:02","date_gmt":"2018-05-06T14:43:02","guid":{"rendered":"http:\/\/brigetiosport.hu\/wordpress\/?p=1125"},"modified":"2018-05-06T15:45:44","modified_gmt":"2018-05-06T14:45:44","slug":"balaton-maraton-beszamolo","status":"publish","type":"post","link":"https:\/\/brigetiosport.hu\/wordpress\/2018\/05\/06\/balaton-maraton-beszamolo\/","title":{"rendered":"Balaton Maraton besz\u00e1mol\u00f3"},"content":{"rendered":"\n\t\t<div id='gallery-1' class='gallery galleryid-1125 gallery-columns-1 gallery-size-medium gal20180505'><script type=\"text\/javascript\">\r\n\/\/ <![CDATA[\r\n\tjQuery(document).ready(function () {\r\n\t\tjQuery(\".gal20180505 a\").attr(\"rel\",\"gal20180505\");\t\r\n\t\tjQuery('a[rel=\"gal20180505\"]').colorbox({maxWidth:\"95%\", maxHeight:\"95%\",title: function(){ return jQuery(this).children().attr(\"alt\"); }});\r\n\t});\r\n\/\/ ]]>\r\n<\/script>\n<figure class=\"gallery-item\">\n<div class=\"gallery-icon\">\r\n<a href=\"https:\/\/brigetiosport.hu\/wordpress\/wp-content\/uploads\/2018\/05\/2018_balatonmaraton.jpg\" title=\"Robi \u00e9s Szil\u00e1rd a rajtban\" rel=\"gal20180505\"><img loading=\"lazy\" decoding=\"async\" src=\"https:\/\/brigetiosport.hu\/wordpress\/wp-content\/uploads\/2018\/05\/2018_balatonmaraton-300x225.jpg\" width=\"300\" height=\"225\" alt=\"Robi \u00e9s Szil\u00e1rd a rajtban\" \/><\/a>\r\n<\/div><figcaption class=\"gallery-caption\" id=\"caption1129\"><span class=\"imagecaption\">Robi \u00e9s Szil\u00e1rd a rajtban<\/span><br \/>\n<\/figcaption><\/figure>\r\n\t\t<\/div>\n\n<p>A hagyom\u00e1nyosan, m\u00e1jus 1-\u00e9n sorra ker\u00fcl\u0151 Balaton Maraton imm\u00e1ron harmadik \u00e9ve ker\u00fclt megrendez\u00e9se. Mondhatni szezonnyit\u00f3 versenynek tekinthet\u0151 a maraton szak\u00e1gban, de tudjuk, hogy van az\u00e9rt egy Zselic Maraton Kaposv\u00e1r k\u00f6rny\u00e9k\u00e9n. De akit a r\u00f6videbb, de ann\u00e1l temp\u00f3sabb verseny is l\u00e1zba hoz, az a Brigetio Maratonon is gy\u0171jtheti a verseny kilom\u00e9tereit.<\/p>\n<p>Egyes\u00fclet\u00fcnket ez\u00fattal Orot Bence, Eisemann Robi \u00e9s Kolozsv\u00e1ry Szil\u00e1rd k\u00e9pviselte.<\/p>\n<p>Al\u00e1bbiakban Szil\u00e1rd r\u00f6vid besz\u00e1mol\u00f3ja k\u00f6vetkezik:<\/p>\n<blockquote>\n<p class=\"Standard\">2018.05.01-\u00e9n Balaton Mtb Maraton r\u00f6vid t\u00e1von vett\u00fcnk r\u00e9szt Robival.<\/p>\n<p class=\"Standard\">Igazi j\u00f3 ny\u00e1rias id\u0151 volt, a p\u00e1lya szikl\u00e1s, 550 m szintk\u00fcl\u00f6nbs\u00e9g.<\/p>\n<p class=\"Standard\">A rajtn\u00e1l el\u00e9g rossz helyre siker\u00fclt be\u00e1llnunk, sok helyen feltartottak.<\/p>\n<p class=\"Standard\">Master 2 korcsoportban 101 indul\u00f3b\u00f3l a 21. helyen v\u00e9geztem.<\/p>\n<\/blockquote>\n<p class=\"Standard\">Eredm\u00e9nyeink:<\/p>\n<p class=\"Standard\">Orot Bence Hobbi U19: 5\/10 hely.<\/p>\n<p class=\"Standard\">Eisemann Robi Hobbi Master 1: 12\/79 hely.<\/p>\n<p class=\"Standard\">Kolozsv\u00e1ri Szil\u00e1rd: Hobbi Master 2: 21\/101 hely.<\/p>\n<p class=\"Standard\">Gratul\u00e1lunk az eredm\u00e9nyekhez, rem\u00e9lj\u00fck sikeres folytat\u00e1sban lesz r\u00e9sz\u00fck a k\u00e9s\u0151bbiekben is.<\/p>\n<p class=\"Standard\">Eredm\u00e9nylista: <a href=\"https:\/\/brigetiosport.hu\/wordpress\/?media_dl=1127\">PDF<\/a><\/p>\n","protected":false},"excerpt":{"rendered":"<p>A hagyom\u00e1nyosan, m\u00e1jus 1-\u00e9n sorra ker\u00fcl\u0151 Balaton Maraton imm\u00e1ron harmadik \u00e9ve ker\u00fclt megrendez\u00e9se. Mondhatni szezonnyit\u00f3 versenynek tekinthet\u0151 a maraton szak\u00e1gban, de tudjuk, hogy van az\u00e9rt egy Zselic Maraton Kaposv\u00e1r k\u00f6rny\u00e9k\u00e9n. De akit a r\u00f6videbb, de ann\u00e1l temp\u00f3sabb verseny is l\u00e1zba hoz, az a Brigetio Maratonon is gy\u0171jtheti a verseny kilom\u00e9tereit. Egyes\u00fclet\u00fcnket ez\u00fattal Orot Bence, Eisemann &hellip; <a href=\"https:\/\/brigetiosport.hu\/wordpress\/2018\/05\/06\/balaton-maraton-beszamolo\/\" class=\"more-link\"><span class=\"screen-reader-text\">&#8222;Balaton Maraton besz\u00e1mol\u00f3&#8221;<\/span> b\u0151vebben<\/a><\/p>\n","protected":false},"author":1,"featured_media":0,"comment_status":"closed","ping_status":"closed","sticky":false,"template":"","format":"standard","meta":{"footnotes":""},"categories":[8],"tags":[],"_links":{"self":[{"href":"https:\/\/brigetiosport.hu\/wordpress\/wp-json\/wp\/v2\/posts\/1125"}],"collection":[{"href":"https:\/\/brigetiosport.hu\/wordpress\/wp-json\/wp\/v2\/posts"}],"about":[{"href":"https:\/\/brigetiosport.hu\/wordpress\/wp-json\/wp\/v2\/types\/post"}],"author":[{"embeddable":true,"href":"https:\/\/brigetiosport.hu\/wordpress\/wp-json\/wp\/v2\/users\/1"}],"replies":[{"embeddable":true,"href":"https:\/\/brigetiosport.hu\/wordpress\/wp-json\/wp\/v2\/comments?post=1125"}],"version-history":[{"count":3,"href":"https:\/\/brigetiosport.hu\/wordpress\/wp-json\/wp\/v2\/posts\/1125\/revisions"}],"predecessor-version":[{"id":1130,"href":"https:\/\/brigetiosport.hu\/wordpress\/wp-json\/wp\/v2\/posts\/1125\/revisions\/1130"}],"wp:attachment":[{"href":"https:\/\/brigetiosport.hu\/wordpress\/wp-json\/wp\/v2\/media?parent=1125"}],"wp:term":[{"taxonomy":"category","embeddable":true,"href":"https:\/\/brigetiosport.hu\/wordpress\/wp-json\/wp\/v2\/categories?post=1125"},{"taxonomy":"post_tag","embeddable":true,"href":"https:\/\/brigetiosport.hu\/wordpress\/wp-json\/wp\/v2\/tags?post=1125"}],"curies":[{"name":"wp","href":"https:\/\/api.w.org\/{rel}","templated":true}]}}