{"id":1072,"date":"2018-03-30T06:42:57","date_gmt":"2018-03-30T05:42:57","guid":{"rendered":"http:\/\/brigetiosport.hu\/wordpress\/?p=1072"},"modified":"2018-03-30T06:43:28","modified_gmt":"2018-03-30T05:43:28","slug":"elstartolt-a-szezon","status":"publish","type":"post","link":"https:\/\/brigetiosport.hu\/wordpress\/2018\/03\/30\/elstartolt-a-szezon\/","title":{"rendered":"Elstartolt a szezon!"},"content":{"rendered":"<p style=\"text-align: center;\">M\u00e1rcius 24-\u00e9n az idei \u00e9v els\u0151 verseny\u00e9n,Tihanyban a F\u00e9lsziget kup\u00e1n vett r\u00e9szt csapatunk n\u00e9h\u00e1ny tagja. Sajnos a t\u00e9lies id\u0151j\u00e1r\u00e1s nem kedvezett a versenyz\u0151knek,4-5 fokos hidegben kellett teljes\u00edteni a kiszabott t\u00e1vot.<br \/>\nH\u00e9regi P\u00e9ter Senior 1 kateg\u00f3ri\u00e1ban indult,ahol 45km-t,4 nagy k\u00f6rt kellett teles\u00edtenie. Kateg\u00f3ri\u00e1j\u00e1ban a 26.helyet szerezte meg. Fail Bogl\u00e1rk\u00e1nak szint\u00e9n ezzel a t\u00e1vval kellet megk\u00fczdenie. \u0150 WElite kateg\u00f3ri\u00e1ban 15.helyen v\u00e9gzett.<\/p>\n<div id=\"js_a1\" class=\"_5pbx userContent _3576\" data-ft=\"{&quot;tn&quot;:&quot;K&quot;}\">\n<div id=\"id_5abdcc42184c45440924867\" class=\"text_exposed_root text_exposed\">\n\n\t\t<div id='gallery-1' class='gallery galleryid-1072 gallery-columns-4 gallery-size-thumbnail gallery1'><script type=\"text\/javascript\">\r\n\/\/ <![CDATA[\r\n\tjQuery(document).ready(function () {\r\n\t\tjQuery(\".gallery1 a\").attr(\"rel\",\"gallery1\");\t\r\n\t\tjQuery('a[rel=\"gallery1\"]').colorbox({maxWidth:\"95%\", maxHeight:\"95%\",title: function(){ return jQuery(this).children().attr(\"alt\"); }});\r\n\t});\r\n\/\/ ]]>\r\n<\/script>\n<figure class=\"gallery-item\">\n<div class=\"gallery-icon\">\r\n<a href=\"https:\/\/brigetiosport.hu\/wordpress\/wp-content\/uploads\/2018\/03\/29060823_1450386361739934_816298436644047456_o.jpg\" title=\"\" rel=\"gallery1\"><img loading=\"lazy\" decoding=\"async\" src=\"https:\/\/brigetiosport.hu\/wordpress\/wp-content\/uploads\/2018\/03\/29060823_1450386361739934_816298436644047456_o-150x150.jpg\" width=\"150\" height=\"150\" alt=\"\" \/><\/a>\r\n<\/div><\/figure><figure class=\"gallery-item\">\n<div class=\"gallery-icon\">\r\n<a href=\"https:\/\/brigetiosport.hu\/wordpress\/wp-content\/uploads\/2018\/03\/29354343_1450387138406523_5591371825119742911_o.jpg\" title=\"\" rel=\"gallery1\"><img loading=\"lazy\" decoding=\"async\" src=\"https:\/\/brigetiosport.hu\/wordpress\/wp-content\/uploads\/2018\/03\/29354343_1450387138406523_5591371825119742911_o-150x150.jpg\" width=\"150\" height=\"150\" alt=\"\" \/><\/a>\r\n<\/div><\/figure><figure class=\"gallery-item\">\n<div class=\"gallery-icon\">\r\n<a href=\"https:\/\/brigetiosport.hu\/wordpress\/wp-content\/uploads\/2018\/03\/29355215_1450386715073232_2235052984234124510_o.jpg\" title=\"\" rel=\"gallery1\"><img loading=\"lazy\" decoding=\"async\" src=\"https:\/\/brigetiosport.hu\/wordpress\/wp-content\/uploads\/2018\/03\/29355215_1450386715073232_2235052984234124510_o-150x150.jpg\" width=\"150\" height=\"150\" alt=\"\" \/><\/a>\r\n<\/div><\/figure><figure class=\"gallery-item\">\n<div class=\"gallery-icon\">\r\n<a href=\"https:\/\/brigetiosport.hu\/wordpress\/wp-content\/uploads\/2018\/03\/29542528_1450385965073307_7397026524219283527_n.jpg\" title=\"\" rel=\"gallery1\"><img loading=\"lazy\" decoding=\"async\" src=\"https:\/\/brigetiosport.hu\/wordpress\/wp-content\/uploads\/2018\/03\/29542528_1450385965073307_7397026524219283527_n-150x150.jpg\" width=\"150\" height=\"150\" alt=\"\" \/><\/a>\r\n<\/div><\/figure>\r\n\t\t<\/div>\n\n<p style=\"text-align: center;\">\u00a0\u00a0 U19-es kateg\u00f3ri\u00e1ban Madar\u00e1sz \u00c1ron \u00e9s Ifj<span class=\"text_exposed_show\">.H\u00e9regi P\u00e9ter indult.<br \/>\nMindketten az Elite mez\u0151ny \u00fcld\u00f6z\u0151 csapat\u00e1ban haladtak \u00e9g\u00e9szen a 6.illetve a 7.k\u00f6r erej\u00e9ig. A leszakad\u00e1s ut\u00e1n \u0151k egyed\u00fcl teljes\u00edtett\u00e9k a megmaradt t\u00e1vot.<\/span><\/p>\n<p style=\"text-align: center;\">Elite kateg\u00f3ri\u00e1ban Gregor Zolt\u00e1n,Golasz Kriszti\u00e1n \u00e9s Nagy Tomas indult. Gregor Zolt\u00e1n a harmadik \u00fcld\u00f6z\u0151 csoportban haladt v\u00e9gig a verseny sor\u00e1n. Golasz Kriszti\u00e1n szint\u00e9n a m\u00e1sodik \u00fcld\u00f6z\u0151 csoporttal haladt,\u0151 vel\u00fck is fejezte be a versenyt.Nagy Tomas a verseny sor\u00e1n v\u00e9gig a f\u0151mez\u0151nnyel haladt majd vel\u00fck is \u00e9rt a c\u00e9lba.<\/p>\n<p style=\"text-align: center;\"><span class=\"text_exposed_show\"><img loading=\"lazy\" decoding=\"async\" class=\"aligncenter size-large wp-image-1073\" src=\"https:\/\/brigetiosport.hu\/wordpress\/wp-content\/uploads\/2018\/03\/29060823_1450386361739934_816298436644047456_o-1024x577.jpg\" alt=\"\" width=\"840\" height=\"473\" srcset=\"https:\/\/brigetiosport.hu\/wordpress\/wp-content\/uploads\/2018\/03\/29060823_1450386361739934_816298436644047456_o-1024x577.jpg 1024w, https:\/\/brigetiosport.hu\/wordpress\/wp-content\/uploads\/2018\/03\/29060823_1450386361739934_816298436644047456_o-300x169.jpg 300w, https:\/\/brigetiosport.hu\/wordpress\/wp-content\/uploads\/2018\/03\/29060823_1450386361739934_816298436644047456_o-768x433.jpg 768w, https:\/\/brigetiosport.hu\/wordpress\/wp-content\/uploads\/2018\/03\/29060823_1450386361739934_816298436644047456_o-1200x676.jpg 1200w, https:\/\/brigetiosport.hu\/wordpress\/wp-content\/uploads\/2018\/03\/29060823_1450386361739934_816298436644047456_o.jpg 1824w\" sizes=\"(max-width: 709px) 85vw, (max-width: 909px) 67vw, (max-width: 1362px) 62vw, 840px\" \/>Ifj.H\u00e9regi P\u00e9ter:U19-17.hely<br \/>\nMadar\u00e1sz \u00c1ron:U19-16.hely<br \/>\nGregor Zolt\u00e1n:Elite-38.hely<br \/>\nGolasz Kriszti\u00e1n:Elite-35.hely<br \/>\nNagy Tomas:Elite-14.hely<\/span><\/p>\n<\/div>\n<\/div>\n<div class=\"_3x-2\" data-ft=\"{&quot;tn&quot;:&quot;H&quot;}\"><\/div>\n","protected":false},"excerpt":{"rendered":"<p>M\u00e1rcius 24-\u00e9n az idei \u00e9v els\u0151 verseny\u00e9n,Tihanyban a F\u00e9lsziget kup\u00e1n vett r\u00e9szt csapatunk n\u00e9h\u00e1ny tagja. Sajnos a t\u00e9lies id\u0151j\u00e1r\u00e1s nem kedvezett a versenyz\u0151knek,4-5 fokos hidegben kellett teljes\u00edteni a kiszabott t\u00e1vot. H\u00e9regi P\u00e9ter Senior 1 kateg\u00f3ri\u00e1ban indult,ahol 45km-t,4 nagy k\u00f6rt kellett teles\u00edtenie. Kateg\u00f3ri\u00e1j\u00e1ban a 26.helyet szerezte meg. Fail Bogl\u00e1rk\u00e1nak szint\u00e9n ezzel a t\u00e1vval kellet megk\u00fczdenie. \u0150 &hellip; <a href=\"https:\/\/brigetiosport.hu\/wordpress\/2018\/03\/30\/elstartolt-a-szezon\/\" class=\"more-link\"><span class=\"screen-reader-text\">&#8222;Elstartolt a szezon!&#8221;<\/span> b\u0151vebben<\/a><\/p>\n","protected":false},"author":3,"featured_media":0,"comment_status":"closed","ping_status":"closed","sticky":false,"template":"","format":"standard","meta":{"footnotes":""},"categories":[1],"tags":[],"_links":{"self":[{"href":"https:\/\/brigetiosport.hu\/wordpress\/wp-json\/wp\/v2\/posts\/1072"}],"collection":[{"href":"https:\/\/brigetiosport.hu\/wordpress\/wp-json\/wp\/v2\/posts"}],"about":[{"href":"https:\/\/brigetiosport.hu\/wordpress\/wp-json\/wp\/v2\/types\/post"}],"author":[{"embeddable":true,"href":"https:\/\/brigetiosport.hu\/wordpress\/wp-json\/wp\/v2\/users\/3"}],"replies":[{"embeddable":true,"href":"https:\/\/brigetiosport.hu\/wordpress\/wp-json\/wp\/v2\/comments?post=1072"}],"version-history":[{"count":2,"href":"https:\/\/brigetiosport.hu\/wordpress\/wp-json\/wp\/v2\/posts\/1072\/revisions"}],"predecessor-version":[{"id":1079,"href":"https:\/\/brigetiosport.hu\/wordpress\/wp-json\/wp\/v2\/posts\/1072\/revisions\/1079"}],"wp:attachment":[{"href":"https:\/\/brigetiosport.hu\/wordpress\/wp-json\/wp\/v2\/media?parent=1072"}],"wp:term":[{"taxonomy":"category","embeddable":true,"href":"https:\/\/brigetiosport.hu\/wordpress\/wp-json\/wp\/v2\/categories?post=1072"},{"taxonomy":"post_tag","embeddable":true,"href":"https:\/\/brigetiosport.hu\/wordpress\/wp-json\/wp\/v2\/tags?post=1072"}],"curies":[{"name":"wp","href":"https:\/\/api.w.org\/{rel}","templated":true}]}}