{"id":1069,"date":"2018-03-30T06:37:13","date_gmt":"2018-03-30T05:37:13","guid":{"rendered":"http:\/\/brigetiosport.hu\/wordpress\/?p=1069"},"modified":"2018-03-30T06:37:13","modified_gmt":"2018-03-30T05:37:13","slug":"marcius-15","status":"publish","type":"post","link":"https:\/\/brigetiosport.hu\/wordpress\/2018\/03\/30\/marcius-15\/","title":{"rendered":"M\u00e1rcius 15"},"content":{"rendered":"<p>&nbsp;<\/p>\n<p style=\"text-align: center;\"><img loading=\"lazy\" decoding=\"async\" class=\"alignleft  wp-image-1070\" src=\"https:\/\/brigetiosport.hu\/wordpress\/wp-content\/uploads\/2018\/03\/20180315.jpg\" alt=\"\" width=\"362\" height=\"463\" srcset=\"https:\/\/brigetiosport.hu\/wordpress\/wp-content\/uploads\/2018\/03\/20180315.jpg 704w, https:\/\/brigetiosport.hu\/wordpress\/wp-content\/uploads\/2018\/03\/20180315-235x300.jpg 235w\" sizes=\"(max-width: 362px) 85vw, 362px\" \/><\/p>\n<p style=\"text-align: center;\">Nemzeti \u00fcnnep\u00fcnk\u00f6n az 1848-49-es forradalom \u00e9s szabads\u00e1gharc h\u0151seire eml\u00e9kez\u00fcnk. Hagyom\u00e1ny\u0151rz\u0151 ker\u00e9kp\u00e1ros t\u00fara keret\u00e9ben ma \u00c1cstesz\u00e9rre, T\u00e1ncsics Mih\u00e1ly sz\u00fcl\u0151faluj\u00e1ba l\u00e1togattunk, ahol megkoszor\u00faztuk T\u00e1ncsics Mih\u00e1ly mellszobr\u00e1t. A t\u00far\u00e1t hagyom\u00e1nyosan ker\u00e9kp\u00e1rral szoktuk teljes\u00edteni, azonban az es\u0151s id\u0151j\u00e1r\u00e1s miatt azt f\u00e9lbeszak\u00edtottuk, \u00edgy tiszts\u00e9gvisel\u0151ink aut\u00f3val l\u00e1togattak el \u00c1cstesz\u00e9rre, ahol k\u00e9pviselt\u00e9k egyes\u00fclet\u00fcnket a megeml\u00e9kez\u00e9sen. A falu vezet\u00e9se ez\u00fattal is finom eb\u00e9ddel kedveskedett, amit ez\u00faton is k\u00f6sz\u00f6n\u00fcnk!<\/p>\n","protected":false},"excerpt":{"rendered":"<p>&nbsp; Nemzeti \u00fcnnep\u00fcnk\u00f6n az 1848-49-es forradalom \u00e9s szabads\u00e1gharc h\u0151seire eml\u00e9kez\u00fcnk. Hagyom\u00e1ny\u0151rz\u0151 ker\u00e9kp\u00e1ros t\u00fara keret\u00e9ben ma \u00c1cstesz\u00e9rre, T\u00e1ncsics Mih\u00e1ly sz\u00fcl\u0151faluj\u00e1ba l\u00e1togattunk, ahol megkoszor\u00faztuk T\u00e1ncsics Mih\u00e1ly mellszobr\u00e1t. A t\u00far\u00e1t hagyom\u00e1nyosan ker\u00e9kp\u00e1rral szoktuk teljes\u00edteni, azonban az es\u0151s id\u0151j\u00e1r\u00e1s miatt azt f\u00e9lbeszak\u00edtottuk, \u00edgy tiszts\u00e9gvisel\u0151ink aut\u00f3val l\u00e1togattak el \u00c1cstesz\u00e9rre, ahol k\u00e9pviselt\u00e9k egyes\u00fclet\u00fcnket a megeml\u00e9kez\u00e9sen. A falu vezet\u00e9se ez\u00fattal is finom &hellip; <a href=\"https:\/\/brigetiosport.hu\/wordpress\/2018\/03\/30\/marcius-15\/\" class=\"more-link\"><span class=\"screen-reader-text\">&#8222;M\u00e1rcius 15&#8221;<\/span> b\u0151vebben<\/a><\/p>\n","protected":false},"author":3,"featured_media":0,"comment_status":"closed","ping_status":"closed","sticky":false,"template":"","format":"standard","meta":{"footnotes":""},"categories":[1],"tags":[],"_links":{"self":[{"href":"https:\/\/brigetiosport.hu\/wordpress\/wp-json\/wp\/v2\/posts\/1069"}],"collection":[{"href":"https:\/\/brigetiosport.hu\/wordpress\/wp-json\/wp\/v2\/posts"}],"about":[{"href":"https:\/\/brigetiosport.hu\/wordpress\/wp-json\/wp\/v2\/types\/post"}],"author":[{"embeddable":true,"href":"https:\/\/brigetiosport.hu\/wordpress\/wp-json\/wp\/v2\/users\/3"}],"replies":[{"embeddable":true,"href":"https:\/\/brigetiosport.hu\/wordpress\/wp-json\/wp\/v2\/comments?post=1069"}],"version-history":[{"count":1,"href":"https:\/\/brigetiosport.hu\/wordpress\/wp-json\/wp\/v2\/posts\/1069\/revisions"}],"predecessor-version":[{"id":1071,"href":"https:\/\/brigetiosport.hu\/wordpress\/wp-json\/wp\/v2\/posts\/1069\/revisions\/1071"}],"wp:attachment":[{"href":"https:\/\/brigetiosport.hu\/wordpress\/wp-json\/wp\/v2\/media?parent=1069"}],"wp:term":[{"taxonomy":"category","embeddable":true,"href":"https:\/\/brigetiosport.hu\/wordpress\/wp-json\/wp\/v2\/categories?post=1069"},{"taxonomy":"post_tag","embeddable":true,"href":"https:\/\/brigetiosport.hu\/wordpress\/wp-json\/wp\/v2\/tags?post=1069"}],"curies":[{"name":"wp","href":"https:\/\/api.w.org\/{rel}","templated":true}]}}