{"id":1051,"date":"2018-04-22T16:47:43","date_gmt":"2018-04-22T15:47:43","guid":{"rendered":"http:\/\/brigetiosport.hu\/wordpress\/?p=1051"},"modified":"2018-05-06T15:47:50","modified_gmt":"2018-05-06T14:47:50","slug":"iv-brigetio-mtb-maraton","status":"publish","type":"post","link":"https:\/\/brigetiosport.hu\/wordpress\/2018\/04\/22\/iv-brigetio-mtb-maraton\/","title":{"rendered":"Moravek Lajos nyerte a IV. Brigetio MTB Maratont!"},"content":{"rendered":"<p style=\"text-align: center;\">A mai napon, 2018. 04. 22-\u00e9n elrajtolt a IV. Brigetio MTB Maraton 99 f\u0151 r\u00e9szv\u00e9tel\u00e9vel, amelynek id\u00e9n is, a hagyom\u00e1nyokat k\u00f6vetve, a Monostori Er\u0151d adott otthont. Az id\u0151j\u00e1r\u00e1sra nem lehetett panasz, gy\u00f6ny\u00f6r\u0171 tavaszi id\u0151 \u00e9s csod\u00e1latos k\u00f6rnyezet fogadta a versenyz\u0151ket. A rajtcsomag id\u00e9n egyes\u00fclet\u00fcnk hivatalos kulacs\u00e1t \u00e9s egy SiS energiazsel\u00e9t is tartalmazott, emellett a rajtsz\u00e1m kultur\u00e1lis, gasztron\u00f3miai \u00e9s sz\u00f3rakoz\u00e1si kedvezm\u00e9nyekre is jogos\u00edtotta a r\u00e9sztvev\u0151ket.<\/p>\n<p style=\"text-align: center;\"><img loading=\"lazy\" decoding=\"async\" class=\"aligncenter size-large wp-image-1115\" src=\"https:\/\/brigetiosport.hu\/wordpress\/wp-content\/uploads\/2018\/03\/30821310_1475565189222051_6243493117471819862_o-1024x576.jpg\" alt=\"\" width=\"840\" height=\"473\" srcset=\"https:\/\/brigetiosport.hu\/wordpress\/wp-content\/uploads\/2018\/03\/30821310_1475565189222051_6243493117471819862_o-1024x576.jpg 1024w, https:\/\/brigetiosport.hu\/wordpress\/wp-content\/uploads\/2018\/03\/30821310_1475565189222051_6243493117471819862_o-300x169.jpg 300w, https:\/\/brigetiosport.hu\/wordpress\/wp-content\/uploads\/2018\/03\/30821310_1475565189222051_6243493117471819862_o-768x432.jpg 768w, https:\/\/brigetiosport.hu\/wordpress\/wp-content\/uploads\/2018\/03\/30821310_1475565189222051_6243493117471819862_o-1200x675.jpg 1200w, https:\/\/brigetiosport.hu\/wordpress\/wp-content\/uploads\/2018\/03\/30821310_1475565189222051_6243493117471819862_o.jpg 2048w\" sizes=\"(max-width: 709px) 85vw, (max-width: 909px) 67vw, (max-width: 1362px) 62vw, 840px\" \/><\/p>\n<p style=\"text-align: center;\">10 \u00f3rakor k\u00f6z\u00f6s rajttal v\u00e1gtak neki a montisok a 36 km-es p\u00e1ly\u00e1nak, amelynek \u00fatvonala kiss\u00e9 m\u00f3dosult a tavalyihoz k\u00e9pest. 100 m\u00e9terrel a rajt ut\u00e1n a p\u00e1lya besz\u0171k\u00fclt, \u00edgy a start ut\u00e1ni helyezked\u00e9s rendk\u00edv\u00fcl fontos volt annak, aki az \u00e9lmez\u0151nybe akart ker\u00fclni. A rajt r\u00f6gt\u00f6n izgalmas verseng\u00e9st hozott, az ellenlejt\u0151 teljes\u00edt\u00e9s\u00e9t k\u00f6vet\u0151en kialakult a 6 f\u0151s \u00e9lboly, amelynek tagjai egy\u00fctt teljes\u00edtett\u00e9k a verseny nagyr\u00e9sz\u00e9t. A Monostori Er\u0151dbe vissza\u00e9rve 4-en versengtek az els\u0151 hely\u00e9rt, az ellenlejt\u0151 \u00fajb\u00f3li teljes\u00edt\u00e9s\u00e9n\u00e9l 2 helyez\u00e9st jav\u00edtva v\u00e9g\u00fcl Moravek Lajos a <em>Brigetio KSE<\/em> versenyz\u0151je 1:15:21-es id\u0151eredm\u00e9nnyel nyerte a IV. Brigetio MTB Maratont! M\u00e1sodik helyen Dallos Korn\u00e9l <em>\/Tatanka Racing Team\/<\/em> 5 m\u00e1sodperces, harmadik helyen Kov\u00e1cs Gy\u0151z\u0151 \/<em>VelenceBike\/<\/em> \u00e9rkezett c\u00e9lba 12 m\u00e1sodperces h\u00e1tr\u00e1nnyal! A n\u0151k verseny\u00e9t jelent\u0151s el\u0151nnyel M\u00e9sz\u00e1ros Alexandra <em>\/BrigetioKSE<\/em>\/ nyerte<em>, <\/em>m\u00e1sodik helyez\u00e9st Farkas Szilvia \/<em>C.K. Piko-Bike<\/em>\/, a harmadik helyez\u00e9st Balla Sarolta Bor\u00f3ka szerezte meg!<\/p>\n<p style=\"text-align: center;\">A feln\u0151tt verseny ideje alatt a gyermekek is \u00f6sszem\u00e9rt\u00e9k erej\u00fcket, korcsoportt\u00f3l f\u00fcgg\u0151en 1-3 k\u00f6rt kellett teljes\u00edteni\u00fck, majd a sikeres c\u00e9lba\u00e9r\u00e9st k\u00f6vet\u0151en \u00e1tvehett\u00e9k a j\u00f3l meg\u00e9rdemelt csokol\u00e1d\u00e9t. Az elvesztett sz\u00e9nhidr\u00e1tokat zs\u00edros keny\u00e9rrel \u00e9s s\u00fctem\u00e9nyekkel p\u00f3tolhatt\u00e1k a jelenl\u00e9v\u0151k, szponzorainknak k\u00f6sz\u00f6nhet\u0151en pedig sz\u00e1mos aj\u00e1nd\u00e9kkal tudtunk kedveskedni a r\u00e9sztvev\u0151knek \u00e9s a helyezetteknek. Az eredm\u00e9nyhirdet\u00e9s sor\u00e1n Dr. Moln\u00e1r Attila, Kom\u00e1rom V\u00e1ros Polg\u00e1rmestere k\u00f6sz\u00f6ntette a r\u00e9sztvev\u0151ket, majd \u00e1tadta a d\u00edjakat. Az abszol\u00fat n\u0151i \u00e9s f\u00e9rfi helyezettek a gy\u00f6ny\u00f6r\u0171 k\u00e9zm\u0171ves d\u00edjak mellett p\u00e1ros vacsorautalv\u00e1nyokat is \u00e1tvehettek.<\/p>\n<p style=\"text-align: center;\">Nagyon k\u00f6sz\u00f6nj\u00fck, hogy elj\u00f6ttetek versenyezni, rem\u00e9lj\u00fck j\u00f3l \u00e9rezt\u00e9tek magatokat \u00e9s pozit\u00edv eml\u00e9kekkel t\u00e9rtek haza! Gratul\u00e1lunk minden teljes\u00edt\u0151nek!<\/p>\n<p style=\"text-align: center;\"><img loading=\"lazy\" decoding=\"async\" class=\"aligncenter size-large wp-image-1114\" src=\"https:\/\/brigetiosport.hu\/wordpress\/wp-content\/uploads\/2018\/03\/30167497_1475566055888631_4409402743016380308_o-1024x680.jpg\" alt=\"\" width=\"840\" height=\"558\" srcset=\"https:\/\/brigetiosport.hu\/wordpress\/wp-content\/uploads\/2018\/03\/30167497_1475566055888631_4409402743016380308_o-1024x680.jpg 1024w, https:\/\/brigetiosport.hu\/wordpress\/wp-content\/uploads\/2018\/03\/30167497_1475566055888631_4409402743016380308_o-300x199.jpg 300w, https:\/\/brigetiosport.hu\/wordpress\/wp-content\/uploads\/2018\/03\/30167497_1475566055888631_4409402743016380308_o-768x510.jpg 768w, https:\/\/brigetiosport.hu\/wordpress\/wp-content\/uploads\/2018\/03\/30167497_1475566055888631_4409402743016380308_o-1200x797.jpg 1200w, https:\/\/brigetiosport.hu\/wordpress\/wp-content\/uploads\/2018\/03\/30167497_1475566055888631_4409402743016380308_o.jpg 2048w\" sizes=\"(max-width: 709px) 85vw, (max-width: 909px) 67vw, (max-width: 1362px) 62vw, 840px\" \/><\/p>\n<p><strong><span style=\"color: #ff0000;\">EREDM\u00c9NYEK:\u00a0<a href=\"https:\/\/brigetiosport.hu\/wordpress\/?media_dl=1118\">xlsx<\/a><\/span><\/strong><\/p>\n<p><a href=\"https:\/\/drive.google.com\/open?id=15M6lw0oakFAWhWdP804Pya645Z8pif5T\">K\u00c9PEK<\/a><\/p>\n","protected":false},"excerpt":{"rendered":"<p>A mai napon, 2018. 04. 22-\u00e9n elrajtolt a IV. Brigetio MTB Maraton 99 f\u0151 r\u00e9szv\u00e9tel\u00e9vel, amelynek id\u00e9n is, a hagyom\u00e1nyokat k\u00f6vetve, a Monostori Er\u0151d adott otthont. Az id\u0151j\u00e1r\u00e1sra nem lehetett panasz, gy\u00f6ny\u00f6r\u0171 tavaszi id\u0151 \u00e9s csod\u00e1latos k\u00f6rnyezet fogadta a versenyz\u0151ket. A rajtcsomag id\u00e9n egyes\u00fclet\u00fcnk hivatalos kulacs\u00e1t \u00e9s egy SiS energiazsel\u00e9t is tartalmazott, emellett a rajtsz\u00e1m &hellip; <a href=\"https:\/\/brigetiosport.hu\/wordpress\/2018\/04\/22\/iv-brigetio-mtb-maraton\/\" class=\"more-link\"><span class=\"screen-reader-text\">&#8222;Moravek Lajos nyerte a IV. Brigetio MTB Maratont!&#8221;<\/span> b\u0151vebben<\/a><\/p>\n","protected":false},"author":1,"featured_media":0,"comment_status":"closed","ping_status":"closed","sticky":false,"template":"","format":"standard","meta":{"footnotes":""},"categories":[8],"tags":[],"_links":{"self":[{"href":"https:\/\/brigetiosport.hu\/wordpress\/wp-json\/wp\/v2\/posts\/1051"}],"collection":[{"href":"https:\/\/brigetiosport.hu\/wordpress\/wp-json\/wp\/v2\/posts"}],"about":[{"href":"https:\/\/brigetiosport.hu\/wordpress\/wp-json\/wp\/v2\/types\/post"}],"author":[{"embeddable":true,"href":"https:\/\/brigetiosport.hu\/wordpress\/wp-json\/wp\/v2\/users\/1"}],"replies":[{"embeddable":true,"href":"https:\/\/brigetiosport.hu\/wordpress\/wp-json\/wp\/v2\/comments?post=1051"}],"version-history":[{"count":16,"href":"https:\/\/brigetiosport.hu\/wordpress\/wp-json\/wp\/v2\/posts\/1051\/revisions"}],"predecessor-version":[{"id":1121,"href":"https:\/\/brigetiosport.hu\/wordpress\/wp-json\/wp\/v2\/posts\/1051\/revisions\/1121"}],"wp:attachment":[{"href":"https:\/\/brigetiosport.hu\/wordpress\/wp-json\/wp\/v2\/media?parent=1051"}],"wp:term":[{"taxonomy":"category","embeddable":true,"href":"https:\/\/brigetiosport.hu\/wordpress\/wp-json\/wp\/v2\/categories?post=1051"},{"taxonomy":"post_tag","embeddable":true,"href":"https:\/\/brigetiosport.hu\/wordpress\/wp-json\/wp\/v2\/tags?post=1051"}],"curies":[{"name":"wp","href":"https:\/\/api.w.org\/{rel}","templated":true}]}}