{"id":1005,"date":"2018-01-29T09:45:23","date_gmt":"2018-01-29T08:45:23","guid":{"rendered":"http:\/\/brigetiosport.hu\/wordpress\/?p=1005"},"modified":"2018-01-29T09:45:23","modified_gmt":"2018-01-29T08:45:23","slug":"evnyito-kozgyules","status":"publish","type":"post","link":"https:\/\/brigetiosport.hu\/wordpress\/2018\/01\/29\/evnyito-kozgyules\/","title":{"rendered":"\u00c9vnyit\u00f3 K\u00f6zgy\u0171l\u00e9s"},"content":{"rendered":"<p style=\"text-align: center;\">Tegnap megtartottuk idei rendes K\u00f6zgy\u0171l\u00e9s\u00fcnket a kom\u00e1romi Monostori Er\u0151dben! Az els\u0151 napirendi pontban Gregor Zolt\u00e1n eln\u00f6k el\u0151z\u0151 \u00e9vr\u0151l sz\u00f3l\u00f3 szakmai besz\u00e1mol\u00f3j\u00e1t, a m\u00e1sodik napirendi pontban az el\u0151z\u0151 \u00e9ves p\u00e9nz\u00fcgyi terv teljes\u00edt\u00e9s\u00e9r\u0151l sz\u00f3l\u00f3 besz\u00e1mol\u00f3t fogadta el a K\u00f6zgy\u0171l\u00e9s. A harmadik napirendi pontban az idei c\u00e9lok ker\u00fcltek meghat\u00e1roz\u00e1sra, amelyek k\u00f6z\u00f6tt szerepel, hogy 2018-ban is megszervez\u00e9sre ker\u00fcl az eg\u00e9szs\u00e9gmeg\u0151rz\u0151 t\u00farasorozat, a Szom\u00f3d DH, a Brigetio MTB Maraton \u00e9s gye<span class=\"text_exposed_show\">rmekversenyek, a Brigetio Orsz\u00e1g\u00fati Mez\u0151nyverseny, tov\u00e1bb\u00e1 a Brigetio egyenk\u00e9nti ind\u00edt\u00e1s\u00fa id\u0151futamverseny is. A 4. napirendi pontban az \u00e9ves k\u00f6lts\u00e9gvet\u00e9st fogadta el a K\u00f6zgy\u0171l\u00e9s. Az 5. napirendi pontban az \u00c9V KER\u00c9KP\u00c1ROSA 2017 d\u00edj ker\u00fclt \u00e1tad\u00e1sra, melyet ifj. H\u00e9regi P\u00e9ter vehetett \u00e1t, aki az AKESZ sorozatban \u00e9s a Bike Attack sorozatban el\u00e9rt kiv\u00e1l\u00f3 eredm\u00e9ny\u00e9vel \u00e9s a jelent\u0151s t\u00e1rsadalmi munk\u00e1j\u00e1val \u00e9rdemelte ki a megtisztel\u0151 d\u00edjat. A K\u00f6zgy\u0171l\u00e9sen a jelenl\u00e9v\u0151 tagok megismerhett\u00e9k az idei edz\u0151t\u00e1bor tervezetet is, amely id\u00e9n j\u00faliusban Salzburg-Porec k\u00f6z\u00f6tt ker\u00fcl megszervez\u00e9sre. Tagjaink \u00e1tvehett\u00e9k az egyes\u00fcleti zoknikat, b\u00f6gr\u00e9ket \u00e9s csapatmez rendel\u00e9s\u00e9re is volt lehet\u0151s\u00e9g. A K\u00f6zgy\u0171l\u00e9st \u00e1ll\u00f3fogad\u00e1ssal z\u00e1rtuk, melyr\u0151l Ag\u00f3cs G\u00e1bor gondoskodott. A termet k\u00f6sz\u00f6nj\u00fck a Monostori Er\u0151dnek!<\/span><\/p>\n<figure id=\"attachment_1006\" aria-describedby=\"caption-attachment-1006\" style=\"width: 840px\" class=\"wp-caption aligncenter\"><img loading=\"lazy\" decoding=\"async\" class=\"size-large wp-image-1006\" src=\"https:\/\/brigetiosport.hu\/wordpress\/wp-content\/uploads\/2018\/01\/heregipeter-1024x577.jpg\" alt=\"\" width=\"840\" height=\"473\" srcset=\"https:\/\/brigetiosport.hu\/wordpress\/wp-content\/uploads\/2018\/01\/heregipeter-1024x577.jpg 1024w, https:\/\/brigetiosport.hu\/wordpress\/wp-content\/uploads\/2018\/01\/heregipeter-300x169.jpg 300w, https:\/\/brigetiosport.hu\/wordpress\/wp-content\/uploads\/2018\/01\/heregipeter-768x433.jpg 768w, https:\/\/brigetiosport.hu\/wordpress\/wp-content\/uploads\/2018\/01\/heregipeter-1200x676.jpg 1200w, https:\/\/brigetiosport.hu\/wordpress\/wp-content\/uploads\/2018\/01\/heregipeter.jpg 1824w\" sizes=\"(max-width: 709px) 85vw, (max-width: 909px) 67vw, (max-width: 1362px) 62vw, 840px\" \/><figcaption id=\"caption-attachment-1006\" class=\"wp-caption-text\">H\u00e9regi P\u00e9ter a 2017 \u00c9V KER\u00c9KP\u00c1ROSA<\/figcaption><\/figure>\n","protected":false},"excerpt":{"rendered":"<p>Tegnap megtartottuk idei rendes K\u00f6zgy\u0171l\u00e9s\u00fcnket a kom\u00e1romi Monostori Er\u0151dben! Az els\u0151 napirendi pontban Gregor Zolt\u00e1n eln\u00f6k el\u0151z\u0151 \u00e9vr\u0151l sz\u00f3l\u00f3 szakmai besz\u00e1mol\u00f3j\u00e1t, a m\u00e1sodik napirendi pontban az el\u0151z\u0151 \u00e9ves p\u00e9nz\u00fcgyi terv teljes\u00edt\u00e9s\u00e9r\u0151l sz\u00f3l\u00f3 besz\u00e1mol\u00f3t fogadta el a K\u00f6zgy\u0171l\u00e9s. A harmadik napirendi pontban az idei c\u00e9lok ker\u00fcltek meghat\u00e1roz\u00e1sra, amelyek k\u00f6z\u00f6tt szerepel, hogy 2018-ban is megszervez\u00e9sre ker\u00fcl az &hellip; <a href=\"https:\/\/brigetiosport.hu\/wordpress\/2018\/01\/29\/evnyito-kozgyules\/\" class=\"more-link\"><span class=\"screen-reader-text\">&#8222;\u00c9vnyit\u00f3 K\u00f6zgy\u0171l\u00e9s&#8221;<\/span> b\u0151vebben<\/a><\/p>\n","protected":false},"author":3,"featured_media":0,"comment_status":"closed","ping_status":"closed","sticky":false,"template":"","format":"standard","meta":{"footnotes":""},"categories":[1],"tags":[],"_links":{"self":[{"href":"https:\/\/brigetiosport.hu\/wordpress\/wp-json\/wp\/v2\/posts\/1005"}],"collection":[{"href":"https:\/\/brigetiosport.hu\/wordpress\/wp-json\/wp\/v2\/posts"}],"about":[{"href":"https:\/\/brigetiosport.hu\/wordpress\/wp-json\/wp\/v2\/types\/post"}],"author":[{"embeddable":true,"href":"https:\/\/brigetiosport.hu\/wordpress\/wp-json\/wp\/v2\/users\/3"}],"replies":[{"embeddable":true,"href":"https:\/\/brigetiosport.hu\/wordpress\/wp-json\/wp\/v2\/comments?post=1005"}],"version-history":[{"count":1,"href":"https:\/\/brigetiosport.hu\/wordpress\/wp-json\/wp\/v2\/posts\/1005\/revisions"}],"predecessor-version":[{"id":1007,"href":"https:\/\/brigetiosport.hu\/wordpress\/wp-json\/wp\/v2\/posts\/1005\/revisions\/1007"}],"wp:attachment":[{"href":"https:\/\/brigetiosport.hu\/wordpress\/wp-json\/wp\/v2\/media?parent=1005"}],"wp:term":[{"taxonomy":"category","embeddable":true,"href":"https:\/\/brigetiosport.hu\/wordpress\/wp-json\/wp\/v2\/categories?post=1005"},{"taxonomy":"post_tag","embeddable":true,"href":"https:\/\/brigetiosport.hu\/wordpress\/wp-json\/wp\/v2\/tags?post=1005"}],"curies":[{"name":"wp","href":"https:\/\/api.w.org\/{rel}","templated":true}]}}